{"id":34111,"date":"2013-02-02T02:27:17","date_gmt":"2013-02-02T02:27:17","guid":{"rendered":null},"modified":"-0001-11-30T00:00:00","modified_gmt":"-0001-11-30T00:00:00","slug":"andalusia-votes-in-key-elections-for-pp","status":"publish","type":"post","link":"https:\/\/www.best-dentist-dentistry.com\/de\/andalusia-votes-in-key-elections-for-pp\/34111","title":{"rendered":"andalusia votes in key elections for pp"},"content":{"rendered":"<p class=\"first\"> <span class=\"yshortcuts\" id=\"lw_1332681488_0\"> Sevilla<\/span> (Reuters) &#8211; <span class=\"yshortcuts\" id=\"lw_1332681488_1\"> Andalusien<\/span>, <span class=\"yshortcuts\" id=\"lw_1332681488_2\"> der Gemeinschaft<\/span> mehr <span class=\"yshortcuts\" id=\"lw_1332681488_3\"> Grande von Spanien<\/span> stimmten <span class=\"yshortcuts\" id=\"lw_1332681488_4\"> Sonntag<\/span> Regionalwahlen, die Aufnahmezeitraum <span class=\"yshortcuts\" id=\"lw_1332681488_5\"> macht<\/span> die <span class=\"yshortcuts\" id=\"lw_1332681488_6\"> PP<\/span> zum ersten Mal nach drei Jahrzehnten der sozialistischen <span class=\"yshortcuts\" id=\"lw_1332681488_7\"> Dom\u00e4ne<\/span>, laut den <span class=\"yshortcuts\" id=\"lw_1332681488_8\"> Umfragen<\/span>, die eine wichtige Best\u00e4tigung f\u00fcr Reformen und K\u00fcrzungen in der konservativen Regierung von Mariano Rajoy w\u00e4re.<\/p>\n<p>Der PP von Javier Arenas, pr\u00e4sentiert zum vierten Mal zum Pr\u00e4sidenten der Junta de Andaluc\u00eda, w\u00fcrde die absolute Mehrheit bis zu 59 Mitglieder w\u00e4hrend die PSOE in Jos\u00e9 Antonio Gri\u00f1\u00e1n 15 Beitr\u00e4ge in der Kammer,, die auch profitieren w\u00fcrden, IULV-CA verlieren w\u00fcrden (Links United Los Verdes-Convocatoria Andalusien) mit einem Anstieg von bis zu neun Sitze im Parlament von 109 erhalten.<\/p>\n<p>Jedoch eine Studie vom Zentrum f\u00fcr soziologische Untersuchungen (CIS) aus Mitte M\u00e4rz darauf hingewiesen, dass PP am Rande einer Mehrheit eben T\u00fcr ge\u00f6ffnet f\u00fcr einer m\u00f6gliche Regierungskoalition zwischen PSOE und IU wurde.<\/p>\n<p>Beteiligung an den Wahlen war die 29.29 % um 14:00 fast 10 Punkte weniger als die 39.08 bei den Wahlen 2008, nach Daten von der Junta de Andaluc\u00eda. Der Unterschied k\u00f6nnte durch mangelndes Interesse, obwohl es m\u00f6glich ist, dass die \u00c4nderung nach DST, wer vor einer Stunde in den fr\u00fchen Morgenstunden des Sonntags-Uhren, die Daten beeinflussen wurde.<\/p>\n<p>Sands war der erste Kandidat an der Abstimmung teilnehmen das Polling rund 11 am Morgen mit seiner Frau und Tochter.<\/p>\n<p>&#8220;sehr ruhiger Morgen, ich w\u00fcnsche, dass es viel Beteiligung, Urnen zur F\u00fcllung der Illusion und Hoffnung f\u00fcr die Zukunft, und dass ab morgen, es was passiert heute, alle k\u00e4mpfen gegen die Wirtschaftskrise und Arbeitslosigkeit&#8221;, sagte in einer Erkl\u00e4rung, die von Nationalradio abgeholt.<\/p>\n<p>Der aktuelle Pr\u00e4sident und Kandidat der PSOE, Jos\u00e9 Antonio Gri\u00f1\u00e1n, stimmte am Mittag durch einen Aufruf von Beteiligung.<\/p>\n<p>sagte, &#8220;Ich hoffe, dass ein Tag der Abstimmung, auf der ganzen Welt in die n\u00e4chsten vier Jahren zu entscheiden, da gibt es vier bedeutsame Jahre f\u00fcr Andalusien,&#8221;.<\/p>\n<p>Alvaro Morales, ein 39-Jahre Alter Arbeitsloser, seine Stimme zu einer Minderheit Partei ge\u00e4ndert hat, zeigte ein Gef\u00fchl der Verzweiflung vor den Wahlen.<\/p>\n<p>&#8220;Ich bin nicht optimistisch f\u00fcr die Zukunft von Andalusien und sehe meine Stimme viel \u00e4ndern. Dies ist eine sehr viel globaler Krise gel\u00f6st wird nicht durch weitere K\u00fcrzungen, &#8220;sagte.<\/p>\n<p>&#8220;30 Jahre ist zu lang&#8221;<\/p>\n<p>Insgesamt 6,4 Millionen W\u00e4hler sind aufgerufen, zu den Urnen aus einer Bev\u00f6lkerung von fast 8 Millionen und die H\u00e4lfte der Einwohner, die seit die Wiederherstellung der Demokratie immer f\u00fcr die PSOE, eine Partei, die niedrige Stunden gegen\u00fcberliegende in Andalusien zu einem Verlust der territorialen und institutionellen entschieden hat fast absolute nach dem Wahl-Debakel in die kommunale und allgemeine des Vorjahres macht.<\/p>\n<p>Der Wirtschaftskrise, die hohe Rate der Arbeitslosigkeit von 31 Prozent, der gr\u00f6\u00dften Spaniens und F\u00e4lle von Korruption haben die Andalusier, die scheinen bereit zu bestrafen die Sozialisten und \u00e4ndern die PP um weitere Einschnitte bei den Sozialstaat kommen abgeraten.<\/p>\n<p>&#8220;Andalusien braucht eine Ver\u00e4nderung,&#8221; sagte Sonntag in Sevilla Alberto Fernandez, Taxifahrer. Wir haben es auf jeden Fall versuchen, obwohl Menschen Mosqueada mit so viel Gerede der Schnitte sind. Vielleicht gewinnen Mehrheit&#8221;.<\/p>\n<p>Im \u00fcbrigen, C\u00e9sar Chaparro, Computer seit 35 Jahren gesagt: &#8220;die Sozialisten wollen hart von Arbeitslosigkeit und Skandale der Korruption, die in jedem Fall alle Parteien haben bezahlen. Aber 30 Jahre ist zu lang f\u00fcr eine Partei. Gibt es hier eine tiefe Krise und ihre Verbesserung w\u00e4hrend der Jahre, sehe ich nicht&#8221;.<\/p>\n<p>Andalusischen Wahlen sind vier Tage vor einem Generalstreik von den zur Sparsamkeit und Arbeitsreform und f\u00fcnf Tage bis Rajoy legt seinen Haushalt 2012 mit gro\u00dfen Schnitten.<\/p>\n","protected":false},"excerpt":{"rendered":"<p>Sevilla (Reuters) &#8211; Andalusien, der Gemeinschaft mehr Grande von Spanien stimmten Sonntag Regionalwahlen, die Aufnahmezeitraum macht die PP zum ersten Mal nach drei Jahrzehnten der sozialistischen Dom\u00e4ne, laut den Umfragen, die eine wichtige Best\u00e4tigung f\u00fcr Reformen und K\u00fcrzungen in der konservativen Regierung von Mariano Rajoy w\u00e4re. Der PP von Javier Arenas, pr\u00e4sentiert zum vierten Mal [&hellip;]<\/p>\n","protected":false},"author":1,"featured_media":0,"comment_status":"close","ping_status":"open","sticky":false,"template":"","format":"standard","meta":{"footnotes":""},"categories":[3],"tags":[],"class_list":["post-34111","post","type-post","status-publish","format-standard","hentry","category-allgemeine","et-doesnt-have-format-content","et_post_format-et-post-format-standard"],"_links":{"self":[{"href":"https:\/\/www.best-dentist-dentistry.com\/de\/wp-json\/wp\/v2\/posts\/34111","targetHints":{"allow":["GET"]}}],"collection":[{"href":"https:\/\/www.best-dentist-dentistry.com\/de\/wp-json\/wp\/v2\/posts"}],"about":[{"href":"https:\/\/www.best-dentist-dentistry.com\/de\/wp-json\/wp\/v2\/types\/post"}],"author":[{"embeddable":true,"href":"https:\/\/www.best-dentist-dentistry.com\/de\/wp-json\/wp\/v2\/users\/1"}],"replies":[{"embeddable":true,"href":"https:\/\/www.best-dentist-dentistry.com\/de\/wp-json\/wp\/v2\/comments?post=34111"}],"version-history":[{"count":0,"href":"https:\/\/www.best-dentist-dentistry.com\/de\/wp-json\/wp\/v2\/posts\/34111\/revisions"}],"wp:attachment":[{"href":"https:\/\/www.best-dentist-dentistry.com\/de\/wp-json\/wp\/v2\/media?parent=34111"}],"wp:term":[{"taxonomy":"category","embeddable":true,"href":"https:\/\/www.best-dentist-dentistry.com\/de\/wp-json\/wp\/v2\/categories?post=34111"},{"taxonomy":"post_tag","embeddable":true,"href":"https:\/\/www.best-dentist-dentistry.com\/de\/wp-json\/wp\/v2\/tags?post=34111"}],"curies":[{"name":"wp","href":"https:\/\/api.w.org\/{rel}","templated":true}]}}