{"id":34131,"date":"2013-02-03T05:29:10","date_gmt":"2013-02-03T05:29:10","guid":{"rendered":null},"modified":"-0001-11-30T00:00:00","modified_gmt":"-0001-11-30T00:00:00","slug":"cocemfe-thanks-to-media-and-fans-interest-in-disability","status":"publish","type":"post","link":"https:\/\/www.best-dentist-dentistry.com\/de\/cocemfe-thanks-to-media-and-fans-interest-in-disability\/34131","title":{"rendered":"COCEMFE Dank der Medien und Fans Interesse an einer Behinderung."},"content":{"rendered":"<p><strong>COCEMFE dankte, Unterst\u00fctzer und Medieninteresse an Behinderung.<\/strong> <\/p>\n<p><font size=\"2\">-la Confederation stieg im Vorjahr um 28 % seine Pr\u00e4senz in den Medien und ein 526 % Anh\u00e4nger social Media <\/p>\n<p>-COCEMFE freut sich \u00fcber das Interesse an Informationen zu Menschen mit Behinderungen und ihre Familien <\/p>\n<p>-Entit\u00e4t hat verst\u00e4rkt Verst\u00e4rkungen, ihre Projekte und ihre aktive Arbeit der Vertretung und Verteidigung der Rechte des Kollektivs zu ver\u00f6ffentlichen <\/p>\n<p> <strong>Madrid, Februar 2013 &#8211;<\/strong> Spanisch Bund von Menschen mit k\u00f6rperlicher Behinderung und organischen (COCEMFE) will seine Anerkennung f\u00fcr Medien zeigenauf und den Nutzern von sozialen Netzwerken, die ein gro\u00dfes Interesse an Informationen zu Menschen mit Behinderungen und ihre Familien w\u00e4hrend 2012 gezeigt haben. <\/p>\n<p>  Letztes Jahr Redoblamos Bem\u00fchungen, die Projekte und Initiativen, die COCEMFE und seine Unternehmen, als auch die aktive Arbeit der Vertretung und Verteidigung der Rechte von Menschen mit Behinderungen, die die Ma\u00dfnahmen der Sparpolitik des Bundes durchf\u00fchrt und sozialen Entwicklung zu ver\u00f6ffentlichen cuts von den verschiedenen \u00f6ffentlichen Verwaltungen &#8221;, erkl\u00e4rt der Pr\u00e4sident des COCEMFE, Mario Garc\u00eda. <\/p>\n<p>Diese Arbeit wurde verlegt, um die Gesellschaft durch Pressemitteilungen, Newsletter, digitale  COCEMFE in 7 Tagen &#8221; und  direkt COCEMFE &#8221;, das Magazin, die Website und soziale Netzwerke, wo COCEMFE 526 Prozent seine Anh\u00e4nger auf Facebook und Twitter Profilen erh\u00f6ht. Auch, aufgezeichnet COCEMFE gegen\u00fcber dem Vorjahr eine Steigerung von 28 % bei Auftritten in den Medien. <\/p>\n<p>Laut Mario Garc\u00eda  soziales Bewusstsein ist unerl\u00e4sslich f\u00fcr unsere Ziel die h\u00f6heren Ebenen der Integration und Normalisierung von Menschen mit Behinderungen in allen Bereichen des Lebens, daher zu COCEMFE Behindertenorganisationen, Graf mit der Komplizenschaft der Medien und der Internet-Nutzer ist wichtig, die Bev\u00f6lkerung alle verschieben die Fragen, die wir besorgt sind und in Richtung auf eine gerechtere und egalit\u00e4re Gesellschaft &#8221;. <\/p>\n<p>Die Spanisch-Bund von Menschen mit k\u00f6rperlicher Behinderung und organische (COCEMFE) ist eine gemeinn\u00fctzige nichtstaatliche Organisation, die 1980 gegr\u00fcndet wurde. Es soll vereinen, st\u00e4rken und Formen und koordiniert die Bem\u00fchungen und Aktivit\u00e4ten der Organisationen, die zugunsten von Menschen mit Behinderungen, sowohl physisch als auch organisch zu arbeiten ihre Rechte zu verteidigen und ihre Lebensqualit\u00e4t zu verbessern. Das Unternehmen vereint mehr als 1.600 Unternehmen unterteilt in regionalen Konf\u00f6derationen, staatlichen Stellen und provinziellen Verb\u00e4nde, die wiederum verschiedene lokale Vereine zusammenzubringen. <\/p>\n<p><\/font><\/p>\n","protected":false},"excerpt":{"rendered":"<p>COCEMFE dankte, Unterst\u00fctzer und Medieninteresse an Behinderung. -la Confederation stieg im Vorjahr um 28 % seine Pr\u00e4senz in den Medien und ein 526 % Anh\u00e4nger social Media -COCEMFE freut sich \u00fcber das Interesse an Informationen zu Menschen mit Behinderungen und ihre Familien -Entit\u00e4t hat verst\u00e4rkt Verst\u00e4rkungen, ihre Projekte und ihre aktive Arbeit der Vertretung und [&hellip;]<\/p>\n","protected":false},"author":1,"featured_media":0,"comment_status":"close","ping_status":"open","sticky":false,"template":"","format":"standard","meta":{"footnotes":""},"categories":[3],"tags":[44531],"class_list":["post-34131","post","type-post","status-publish","format-standard","hentry","category-allgemeine","tag-femtosekunden-laser","et-doesnt-have-format-content","et_post_format-et-post-format-standard"],"_links":{"self":[{"href":"https:\/\/www.best-dentist-dentistry.com\/de\/wp-json\/wp\/v2\/posts\/34131","targetHints":{"allow":["GET"]}}],"collection":[{"href":"https:\/\/www.best-dentist-dentistry.com\/de\/wp-json\/wp\/v2\/posts"}],"about":[{"href":"https:\/\/www.best-dentist-dentistry.com\/de\/wp-json\/wp\/v2\/types\/post"}],"author":[{"embeddable":true,"href":"https:\/\/www.best-dentist-dentistry.com\/de\/wp-json\/wp\/v2\/users\/1"}],"replies":[{"embeddable":true,"href":"https:\/\/www.best-dentist-dentistry.com\/de\/wp-json\/wp\/v2\/comments?post=34131"}],"version-history":[{"count":0,"href":"https:\/\/www.best-dentist-dentistry.com\/de\/wp-json\/wp\/v2\/posts\/34131\/revisions"}],"wp:attachment":[{"href":"https:\/\/www.best-dentist-dentistry.com\/de\/wp-json\/wp\/v2\/media?parent=34131"}],"wp:term":[{"taxonomy":"category","embeddable":true,"href":"https:\/\/www.best-dentist-dentistry.com\/de\/wp-json\/wp\/v2\/categories?post=34131"},{"taxonomy":"post_tag","embeddable":true,"href":"https:\/\/www.best-dentist-dentistry.com\/de\/wp-json\/wp\/v2\/tags?post=34131"}],"curies":[{"name":"wp","href":"https:\/\/api.w.org\/{rel}","templated":true}]}}