{"id":34148,"date":"2013-02-03T05:30:43","date_gmt":"2013-02-03T05:30:43","guid":{"rendered":null},"modified":"-0001-11-30T00:00:00","modified_gmt":"-0001-11-30T00:00:00","slug":"cocemfe-expects-disability-law-to-improve-compliance-with-the-legislation","status":"publish","type":"post","link":"https:\/\/www.best-dentist-dentistry.com\/de\/cocemfe-expects-disability-law-to-improve-compliance-with-the-legislation\/34148","title":{"rendered":"COCEMFE erwartet Behinderung Gesetz zur Verbesserung der Einhaltung der Rechtsvorschriften."},"content":{"rendered":"<p><strong>COCEMFE erwartet, dass das Behinderung-Gesetz zur Verbesserung der Einhaltung der Vorschriften.<\/strong> <\/p>\n<p><font size=\"2\">-Entit\u00e4t begl\u00fcckw\u00fcnscht das Ministerium f\u00fcr Gesundheit und soziale Dienste um Behinderung Rechtsvorschriften in einem Standard zu integrieren <\/p>\n<p>-Ungen\u00fcgende steuert, geringe Strafen und normative Ausbreitung behindern die Durchsetzung der Gesetze <\/p>\n<p>-Menschen mit Behinderungen erfordern klare und effektive Antworten auf die st\u00e4ndigen Verletzungen ihrer Rechte <\/p>\n<p> <strong>Madrid, Januar 2013 &#8211;<\/strong> Spanisch Bund von Menschen mit k\u00f6rperlicher Behinderung und organischen (COCEMFE) will ihre Gl\u00fcckw\u00fcnsche an das Gesundheitsministerium zu wiederholenSoziale Dienste und Gleichheit durch seine Absicht, alle Rechtsvorschriften \u00fcber das Kollektiv in ein neues allgemeines Gesetz zum Thema Behinderung zu integrieren. <\/p>\n<p>  Harmonisierung aller Rechtsvorschriften im Bereich der Behinderung wird dazu beitragen, um das Wissen der Verordnungen und somit durchsetzbar zu erleichtern. In unserem Land erf\u00fcllen, mit Gesetzen, die Integration zu f\u00f6rdern, Autonomie und Standardisierung unserer Gruppe bleibt eines der herausragenden Themen. Trotz der unaufh\u00f6rlichen Arbeit von Bewusstsein, die in diesem Sinn, Behindertenorganisationen, schlechte Kontrollen, Sanktionen und regulatorischen Dispersion niedrig zu verhindern, dass unsere Gesetze eingehalten werden, wie es mit dem Rest &#8221;, erkl\u00e4rt der Pr\u00e4sident des COCEMFE, Mario Garc\u00eda. <\/p>\n<p>Alle Rechtsvorschriften, der soll Chancengleichheit, pers\u00f6nliche Autonomie, w\u00fcrde und die Integration aller Menschen zu gew\u00e4hrleisten ist COCEMFE zusammen in einen gleichen Standard festem Schritt in Richtung Anerkennung der Rechte dieser Gruppe und das Engagement der Regierung mit Forderungen, die wir aus dem Bereich der Behinderung gemacht. <\/p>\n<p>Laut dem Pr\u00e4sidenten der Entit\u00e4t  Menschen mit Behinderungen erfordern klare und effektive Antworten auf die st\u00e4ndigen Verletzungen ihrer Rechte Leben auf einer t\u00e4glichen Basis. Daher sollte dieser Standard Wetten Sie auf eine effektive universelle Zug\u00e4nglichkeit, eine Formation, die erlaubt, die pers\u00f6nliche Entwicklung und Vorbereitung erh\u00f6ht, und das ist diesem wiederum ein Anreiz zu eine Anstellung als die Hauptroute eine autonome und standard-Leben f\u00fchren &#8221;. <\/p>\n<p>Au\u00dferdem hat Mario Garc\u00eda an den Minister f\u00fcr Gesundheit, soziale Dienste und Geschlechter, Ana Mato, behauptet, die  in dieser Integration und Harmonisierung der Rechtsvorschriften gibt es keinen R\u00fccksto\u00df in die sozialen Errungenschaften, dass beide gek\u00e4mpft, um in den letzten Jahrzehnten zu erreichen &#8221;. <\/p>\n<p>Die Spanisch-Bund von Menschen mit k\u00f6rperlicher Behinderung und organische (COCEMFE) ist eine gemeinn\u00fctzige nichtstaatliche Organisation, die 1980 gegr\u00fcndet wurde. Es soll vereinen, st\u00e4rken und Formen und koordiniert die Bem\u00fchungen und Aktivit\u00e4ten der Organisationen, die zugunsten von Menschen mit Behinderungen, sowohl physisch als auch organisch zu arbeiten ihre Rechte zu verteidigen und ihre Lebensqualit\u00e4t zu verbessern. Das Unternehmen vereint mehr als 1.600 Organisationen in regionalen Konf\u00f6derationen, staatlichen Stellen und provinziellen Verb\u00e4nde, die wiederum verschiedene lokale Vereine zusammenzubringen geteilt <\/p>\n<p><\/font><\/p>\n","protected":false},"excerpt":{"rendered":"<p>COCEMFE erwartet, dass das Behinderung-Gesetz zur Verbesserung der Einhaltung der Vorschriften. -Entit\u00e4t begl\u00fcckw\u00fcnscht das Ministerium f\u00fcr Gesundheit und soziale Dienste um Behinderung Rechtsvorschriften in einem Standard zu integrieren -Ungen\u00fcgende steuert, geringe Strafen und normative Ausbreitung behindern die Durchsetzung der Gesetze -Menschen mit Behinderungen erfordern klare und effektive Antworten auf die st\u00e4ndigen Verletzungen ihrer Rechte Madrid, [&hellip;]<\/p>\n","protected":false},"author":1,"featured_media":0,"comment_status":"close","ping_status":"open","sticky":false,"template":"","format":"standard","meta":{"footnotes":""},"categories":[3],"tags":[44554,44555],"class_list":["post-34148","post","type-post","status-publish","format-standard","hentry","category-allgemeine","tag-liberalisieren","tag-rechtsvorschriften","et-doesnt-have-format-content","et_post_format-et-post-format-standard"],"_links":{"self":[{"href":"https:\/\/www.best-dentist-dentistry.com\/de\/wp-json\/wp\/v2\/posts\/34148","targetHints":{"allow":["GET"]}}],"collection":[{"href":"https:\/\/www.best-dentist-dentistry.com\/de\/wp-json\/wp\/v2\/posts"}],"about":[{"href":"https:\/\/www.best-dentist-dentistry.com\/de\/wp-json\/wp\/v2\/types\/post"}],"author":[{"embeddable":true,"href":"https:\/\/www.best-dentist-dentistry.com\/de\/wp-json\/wp\/v2\/users\/1"}],"replies":[{"embeddable":true,"href":"https:\/\/www.best-dentist-dentistry.com\/de\/wp-json\/wp\/v2\/comments?post=34148"}],"version-history":[{"count":0,"href":"https:\/\/www.best-dentist-dentistry.com\/de\/wp-json\/wp\/v2\/posts\/34148\/revisions"}],"wp:attachment":[{"href":"https:\/\/www.best-dentist-dentistry.com\/de\/wp-json\/wp\/v2\/media?parent=34148"}],"wp:term":[{"taxonomy":"category","embeddable":true,"href":"https:\/\/www.best-dentist-dentistry.com\/de\/wp-json\/wp\/v2\/categories?post=34148"},{"taxonomy":"post_tag","embeddable":true,"href":"https:\/\/www.best-dentist-dentistry.com\/de\/wp-json\/wp\/v2\/tags?post=34148"}],"curies":[{"name":"wp","href":"https:\/\/api.w.org\/{rel}","templated":true}]}}