{"id":3421,"date":"2012-02-08T18:01:29","date_gmt":"2012-02-08T18:01:29","guid":{"rendered":null},"modified":"-0001-11-30T00:00:00","modified_gmt":"-0001-11-30T00:00:00","slug":"constitution-of-the-pontevedra-school-health-professional-health-forum-based-in-the-province-of-pontevedra-have-teamed-up-to-create-a-forum-for-opinion","status":"publish","type":"post","link":"https:\/\/www.best-dentist-dentistry.com\/de\/constitution-of-the-pontevedra-school-health-professional-health-forum-based-in-the-province-of-pontevedra-have-teamed-up-to-create-a-forum-for-opinion\/3421","title":{"rendered":"Verfassung von Pontevedra Schule berufliche Gesundheitsforum Gesundheitspolitik mit Sitz in der Provinz Pontevedra teamed oben, um ein Forum f\u00fcr Gutachten erstellen"},"content":{"rendered":"<p><font   size=\"2\"> <strong><font size=\"3\"> Verfassung der Sanit\u00e4r Forum Pontevedra die Schulen Gesundheit professioneller basierte in der Provinz Pontevedra teamed bis zu ein Forum f\u00fcr Gutachten erstellen<\/font> <\/p>\n<p> Das Gesundheitsforum behandelt Themen und Probleme aller Art, Gesundheit, professionelle, Provinzial und regionale<\/strong> <\/p>\n<p> <strong>Pontevedra, Februar 2012.-<\/strong> auf Donnerstag, 2. Februar 2012 fand das erste Treffen des Forums Gesundheit von Pontevedra in der Zentrale des die Schule offizielle Apotheker Pontevedra, an die Pr\u00e4sidenten der beruflichen Schulen des Gesundheitssystems auf der Grundlage in der Provinz Pontevedra: <\/p>\n<p> Luis Campos Villarino, Pr\u00e4sident des offiziellen College of Physicians of Pontevedra <\/p>\n<p> Alba Soutelo Solino, Pr\u00e4sident des offiziellen College of Apotheker von Pontevedra <\/p>\n<p> Luis N\u00fa\u00f1ez Desir\u00e9Pr\u00e4sident des offiziellen College der Tier\u00e4rzte von Pontevedra <\/p>\n<p> Jos\u00e9 Manuel \u00c1lvarez Vidal, Pr\u00e4sident der Professional Association von Zahn\u00e4rzten und Stomatologen Region XI <\/p>\n<p> Carlos F\u00e9rn\u00e1ndez G\u00f3mez, Pr\u00e4sident des offiziellen College of Nursing von Pontevedra <\/p>\n<p> in die Sitzung wurde vereinbart die Schaffung des Forums Gesundheit in PontevedraTeil werden alle Gesundheit beruflichen Schulen in der Provinz Pontevedra basiert. <\/p>\n<p>Das Forum ist mit dem Ziel, einen Raum der Meinung, die Fragen und Probleme aller Art, im wesentlichen Sanit\u00e4r aber auch professionelle, Provinz- und kommunalen konstituiert. <\/p>\n<p>Die Pr\u00e4sidenten der f\u00fcnf Schulen treffen sich alle zwei Monate, nach dem Rotationsprinzip in den einzelnen Schulen, F\u00f6rderung des Austauschs von Informationen zwischen den Institutionen, als auch den Austausch von Meinungen f\u00fcr gemeinsame \u00dcbertragung an die Mitglieder und die \u00d6ffentlichkeit. <\/p>\n<p>In der gleichen Weise soll die Durchf\u00fchrung der gemeinsamen Projekte orientierte zu eine Verbesserung der Qualit\u00e4t der Versorgung f\u00fcr die Patienten zu helfen, ihre Lebensqualit\u00e4t zu verbessern. Die Mitglieder des Forums Gesundheit von Pontevedra gesch\u00e4tzt haben die Bedeutung der Adressierung, so weit wie m\u00f6glich, auf gemeinsame und einvernehmliche Weise Weiterbildung seiner kollegialen als Positionen, die f\u00fcr der Verwaltung zu verschiedenen Themen betreffen die Gesundheitsberufen wie z. B. die Mitgliedschaft Formulare \u00fcbergeben werden, auf, Registrierung von Angeh\u00f6rigen der Gesundheitsberufe, berufliche Entwicklung und andere als das Eindringen, die Regulierung der Werbung oder elektronische und medizinische Rezept. <\/p>\n<p><\/font><\/p>\n","protected":false},"excerpt":{"rendered":"<p>Verfassung der Sanit\u00e4r Forum Pontevedra die Schulen Gesundheit professioneller basierte in der Provinz Pontevedra teamed bis zu ein Forum f\u00fcr Gutachten erstellen Das Gesundheitsforum behandelt Themen und Probleme aller Art, Gesundheit, professionelle, Provinzial und regionale Pontevedra, Februar 2012.- auf Donnerstag, 2. Februar 2012 fand das erste Treffen des Forums Gesundheit von Pontevedra in der Zentrale [&hellip;]<\/p>\n","protected":false},"author":1,"featured_media":0,"comment_status":"close","ping_status":"open","sticky":false,"template":"","format":"standard","meta":{"footnotes":""},"categories":[3],"tags":[11412,11414,11415,11411,11416,11417,11413,11410],"class_list":["post-3421","post","type-post","status-publish","format-standard","hentry","category-allgemeine","tag-gesundheitspolitik","tag-gutachten","tag-heilberufe","tag-pontevedra","tag-provinzial","tag-regional","tag-teamed","tag-verfassung","et-doesnt-have-format-content","et_post_format-et-post-format-standard"],"_links":{"self":[{"href":"https:\/\/www.best-dentist-dentistry.com\/de\/wp-json\/wp\/v2\/posts\/3421","targetHints":{"allow":["GET"]}}],"collection":[{"href":"https:\/\/www.best-dentist-dentistry.com\/de\/wp-json\/wp\/v2\/posts"}],"about":[{"href":"https:\/\/www.best-dentist-dentistry.com\/de\/wp-json\/wp\/v2\/types\/post"}],"author":[{"embeddable":true,"href":"https:\/\/www.best-dentist-dentistry.com\/de\/wp-json\/wp\/v2\/users\/1"}],"replies":[{"embeddable":true,"href":"https:\/\/www.best-dentist-dentistry.com\/de\/wp-json\/wp\/v2\/comments?post=3421"}],"version-history":[{"count":0,"href":"https:\/\/www.best-dentist-dentistry.com\/de\/wp-json\/wp\/v2\/posts\/3421\/revisions"}],"wp:attachment":[{"href":"https:\/\/www.best-dentist-dentistry.com\/de\/wp-json\/wp\/v2\/media?parent=3421"}],"wp:term":[{"taxonomy":"category","embeddable":true,"href":"https:\/\/www.best-dentist-dentistry.com\/de\/wp-json\/wp\/v2\/categories?post=3421"},{"taxonomy":"post_tag","embeddable":true,"href":"https:\/\/www.best-dentist-dentistry.com\/de\/wp-json\/wp\/v2\/tags?post=3421"}],"curies":[{"name":"wp","href":"https:\/\/api.w.org\/{rel}","templated":true}]}}