{"id":34229,"date":"2013-02-06T02:22:44","date_gmt":"2013-02-06T02:22:44","guid":{"rendered":null},"modified":"-0001-11-30T00:00:00","modified_gmt":"-0001-11-30T00:00:00","slug":"41-percent-of-the-spanish-prison-inmates-suffers-from-some-type-of-mental-disorder","status":"publish","type":"post","link":"https:\/\/www.best-dentist-dentistry.com\/de\/41-percent-of-the-spanish-prison-inmates-suffers-from-some-type-of-mental-disorder\/34229","title":{"rendered":"41 Prozent der spanischen Gef\u00e4ngnisinsassen leidet unter irgendeiner Art von psychischen St\u00f6rungen"},"content":{"rendered":"<p class=\"first\"> MADRID, 22 (EUROPA PRESS)<\/p>\n<p>Der 41 Prozent des spanischen Gef\u00e4ngnisinsassen leidet an irgendeine Art von psychischen St\u00f6rungen, wie er PRECA Studie unter der Leitung von Direktor der Abteilung f\u00fcr station\u00e4re extrahiert psychiatrische Parc Sanitari Sant Joan de D\u00e9u in Barcelona, Dr. Enric Vicens. Der Spezialist auch erkl\u00e4rte bei der Vorstellung dieser Forschungsarbeit, die &#8220;84 Prozent von Geisteskrankheiten im Laufe seines Lebens gelitten haben&#8221;.<\/p>\n<p>-A-Studie des Spezialisten, &#8220;ist die psychische St\u00f6rung jede \u00c4nderung der geistigen Aktivit\u00e4t, begleitet von einer Stagnation und soziale und pers\u00f6nliche Einmischung&#8221;. Einige der Arten davon sind &#8220;die St\u00f6rung der Angst, posttraumatische Belastungsst\u00f6rung, die psychotische, die phobische oder der Schizophrenie&#8221;, sagt er. Ist jedoch der Auffassung, dass &#8220;Es gibt eine enge Beziehung zwischen ihnen und Drogenkonsum&#8221;.<\/p>\n<p>&#8220;<\/p>\n<p>Zur Zeit sind 17 Prozent der Insassen durch diese Gewohnheit, 23 Prozent wegen Angst, 15 Prozent durch affektive St\u00f6rung und 4 Prozent von einem psychotischen Typ krank&#8221;, unterstreicht. Am meisten konsumierten Drogen in Haftanstalten &#8220;sind Cannabis und Kokain&#8221;, aber was er am meisten bedauert der Experte ist, dass der Aufenthalt in der Strafanstalt &#8220;reduziert aber nicht ihren Verbrauch mindert&#8221;.<\/p>\n<p>Die Studie, die in den Gef\u00e4ngnissen mehr als 1.000 Insassen der Gemeinschaften von Madrid und Katalonien, Aragon durchgef\u00fchrt wurde, hat Interviews mit 707 Gefangenen nach dem Zufallsprinzip ausgew\u00e4hlt und hat durch den Zuschuss aus dem Fonds f\u00fcr die Gesundheitsforschung (FIS) finanziert worden. W\u00e4hrend des Analyseprozesses nur haben studierte M\u00e4nner, da&#8221;der Anteil mit Frauen 9: 1,&#8221; sagte Vicens.<\/p>\n<p>Frageb\u00f6gen, die von der internationalen wissenschaftlichen Gemeinschaft validiert wurden, wurden von Psychologen und Experten durchgef\u00fchrt, und haben die Tatsache, dass &#8220;eines Tages entweder in einem Gef\u00e4ngnis Leben 175 Patienten durch Ursachen von Drogen, 80 von Depression, 42 durch psychotische St\u00f6rung, 36 nach dem anderen der zwanghafte Typ und 10 von bipolaren St\u00f6rung&#8221; bezeichnet die Galeno.<\/p>\n<p>Die Pr\u00e4valenz ist 5 mal niedriger in der Allgemeinbev\u00f6lkerung<\/p>\n<p>Eine der Schlussfolgerungen, die aus der Forschungsarbeit gezeichnet werden ist, dass die Pr\u00e4valenz von psychischen Erkrankungen in Gefangenen &rsquo; ist 5 mal h\u00f6her als in der Allgemeinbev\u00f6lkerung &#8220;, synthetisiert. Dar\u00fcber hinaus Patienten Drogen zu nehmen, &#8220;sie m\u00fcssen dreimal wahrscheinlicher R\u00fcckfall&#8221;, da\u00df er entbrennt bis zu 5 mal mehr wenn die Gefangene auf mehr als einer Gelegenheit eine Strafe verb\u00fc\u00dft hat.<\/p>\n<p>, Vicens, &#8220;erforderliche gibt es Erkennung und psychiatrische im Gef\u00e4ngnis Behandlungsprogramme&#8221;, Handschuh, der abgeholt haben, der Fr\u00fchling Foundation und die soziale Arbeit von Caja Madrid, wer am Donnerstag zum Entwerfen Sie eines Plans f\u00fcr umfassende Betreuung f\u00fcr Menschen mit psychischen St\u00f6rung im Feld penitentiary ernsthafte unterzeichnet.<\/p>\n<p>&#8220;Obra Social unterst\u00fctzt psychische Zuordnungen, die Realit\u00e4t dieser Patienten bekannt sein und bestimmte Narben begraben sind&#8221;, sagt der Direktor der Bereich Sozial- und Gesundheitswesen soziale Arbeit Aktion Caja Madrid, Mar\u00eda Fernanda Ay\u00e1n. F\u00fcr sie, &#8220;Sie versuchen zur Verbesserung der Fr\u00fchf\u00f6rderung zur Verringerung der Anzahl von Selbstmorden&#8221; dieser Kranken Gefangenen.<\/p>\n<p>H\u00e4lt au\u00dferdem unerl\u00e4sslich, &#8220;sozial diese Menschen integrieren, da nur 5 Prozent von ihnen einen regul\u00e4ren Job hat&#8221;. So, und zu anderen sozialen Aktionen hierzu hat die Caja de Ahorros Werke in 344 Projekte f\u00fcr die 50 Millionen Euro investiert.<\/p>\n<p>&#8220;Betrachtet werden die Ursache-Wirkung-Beziehung&#8221; um einen Satz zu verringern<\/p>\n<p>F\u00fcr seinen Teil, der Pr\u00e4sident von der Board of Trustees von Fundaci\u00f3n Manantial, Francisco Sardina, erkl\u00e4rte, dass mit dem Erl\u00f6s &#8220;Programme entwickelt wurden, um Richter und Staatsanw\u00e4lte zu Inadvertence, da\u00df Geisteskrankheit zu trainieren&#8221;. In Anlehnung an, der Arzt Vicens gesagt Europa Press dieses Risiko der Simulant um einen Satz zu mildern &#8220;always there&#8221;, betont &#8220;dort zu diskriminieren es&#8221; aber.<\/p>\n<p>Seiner Ansicht der Richter &#8220;eine Experte-Bewertung von Psychiatern in den Verdacht der psychischen St\u00f6rung beantragen&#8221;. Ist jedoch der Auffassung, dass &#8220;Es ist wichtig, dass die psychische Verfassung in Bezug auf die Straftat ist, die Ursache und Wirkung ist.&#8221;.<\/p>\n<p>\u00dcber die aktuelle Situation des Besitzes von Kompetenzen auf die erkrankte H\u00e4ftlinge, Sardine hingewiesen, dass &#8220;Die Regierung und der autonomen Gemeinschaften, die keinen Konsens in der vorangegangenen Wahlperiode gefunden&#8221;. Daher verlangen, dass die neue Exekutive diese Aufgabe st\u00fcrzen.<\/p>\n<p>Ist der stellvertretende Leiter der Behandlung und Gef\u00e4ngnis-Management der Justizvollzugsanstalt Institutionen, Javier Nistal, schlie\u00dflich dachte, &#8220;kombinieren die Ressourcen der verschiedenen Verwaltungen&#8221; aneignen. Seiner Ansicht nach alle Fachleute des Gef\u00e4ngnisses &#8220;muss Verantwortung mit diesen Insassen&#8221;, und nach Verb\u00fc\u00dfung der Strafe, &#8220;Es ist wichtig, dass sie Gesundheitszentren genannt werden, die ihre gesellschaftliche Integration zu erm\u00f6glichen&#8221;. Also, &#8220;soziale und wirtschaftliche Kosten, die vermeiden m\u00f6chten, um wieder zur\u00fcckfallen w\u00fcrde verringern&#8221;, schliesst er. <\/p>\n","protected":false},"excerpt":{"rendered":"<p>MADRID, 22 (EUROPA PRESS) Der 41 Prozent des spanischen Gef\u00e4ngnisinsassen leidet an irgendeine Art von psychischen St\u00f6rungen, wie er PRECA Studie unter der Leitung von Direktor der Abteilung f\u00fcr station\u00e4re extrahiert psychiatrische Parc Sanitari Sant Joan de D\u00e9u in Barcelona, Dr. Enric Vicens. Der Spezialist auch erkl\u00e4rte bei der Vorstellung dieser Forschungsarbeit, die &#8220;84 Prozent [&hellip;]<\/p>\n","protected":false},"author":1,"featured_media":0,"comment_status":"close","ping_status":"open","sticky":false,"template":"","format":"standard","meta":{"footnotes":""},"categories":[3],"tags":[44618],"class_list":["post-34229","post","type-post","status-publish","format-standard","hentry","category-allgemeine","tag-irgendeiner","et-doesnt-have-format-content","et_post_format-et-post-format-standard"],"_links":{"self":[{"href":"https:\/\/www.best-dentist-dentistry.com\/de\/wp-json\/wp\/v2\/posts\/34229","targetHints":{"allow":["GET"]}}],"collection":[{"href":"https:\/\/www.best-dentist-dentistry.com\/de\/wp-json\/wp\/v2\/posts"}],"about":[{"href":"https:\/\/www.best-dentist-dentistry.com\/de\/wp-json\/wp\/v2\/types\/post"}],"author":[{"embeddable":true,"href":"https:\/\/www.best-dentist-dentistry.com\/de\/wp-json\/wp\/v2\/users\/1"}],"replies":[{"embeddable":true,"href":"https:\/\/www.best-dentist-dentistry.com\/de\/wp-json\/wp\/v2\/comments?post=34229"}],"version-history":[{"count":0,"href":"https:\/\/www.best-dentist-dentistry.com\/de\/wp-json\/wp\/v2\/posts\/34229\/revisions"}],"wp:attachment":[{"href":"https:\/\/www.best-dentist-dentistry.com\/de\/wp-json\/wp\/v2\/media?parent=34229"}],"wp:term":[{"taxonomy":"category","embeddable":true,"href":"https:\/\/www.best-dentist-dentistry.com\/de\/wp-json\/wp\/v2\/categories?post=34229"},{"taxonomy":"post_tag","embeddable":true,"href":"https:\/\/www.best-dentist-dentistry.com\/de\/wp-json\/wp\/v2\/tags?post=34229"}],"curies":[{"name":"wp","href":"https:\/\/api.w.org\/{rel}","templated":true}]}}