{"id":34241,"date":"2013-02-06T02:23:45","date_gmt":"2013-02-06T02:23:45","guid":{"rendered":null},"modified":"-0001-11-30T00:00:00","modified_gmt":"-0001-11-30T00:00:00","slug":"pope-begins-trip-to-latin-america-steps-aided-by-cane","status":"publish","type":"post","link":"https:\/\/www.best-dentist-dentistry.com\/de\/pope-begins-trip-to-latin-america-steps-aided-by-cane\/34241","title":{"rendered":"Papst beginnt Reise nach Lateinamerika, Schritte mit Hilfe von Zuckerrohr"},"content":{"rendered":"<p class=\"first\"> Rom (Reuters) &#8211; Papst Benedict XVI trat am Freitag \u00f6ffentlich gef\u00f6rderter einen Stock zum ersten Mal zu Beginn seiner Reise nach Lateinamerika, in ein Zeichen f\u00fcr seine zunehmende k\u00f6rperliche Schw\u00e4che.<\/p>\n<p>Der Hohepriester, 85 im n\u00e4chsten Monat stellt sich ein Flugzeug am Flughafen Rom Fiumicino mit einem Stock gingen, sagte die Vatikan-Reporter begleitete ihn auf seiner Reise nach Mexiko und Kuba.<\/p>\n<p>Der Papst im vergangenen Jahr begann mit eine mobile Plattform um zu vermeiden, zu viel zu Fu\u00df auf dem Altar der Basilika St. Peter.<\/p>\n<p>Der Vatikan sagte, dass der katholische F\u00fchrer der Plattform mithilfe wurde um \u00dcberm\u00fcdung zu vermeiden und gab es keine gro\u00dfen \u00fcber Ihre Gesundheit im allgemeinen Bedenken.<\/p>\n<p>Benedicto XVI 24 Stunden nach seiner Ankunft nach Mexiko, um von den Jetlag erholen, im Gegensatz zu den Terminkalender seines Vorg\u00e4ngers Juan Pablo II bis seine Gesundheit verschlechtert, in den letzten Jahren seines Lebens ausruhen will.<\/p>\n<p>Der deutschen Papst war 78 Jahre alt, als er wurde gew\u00e4hlt, um das Maximum der katholischen Kirche und hat beschlossen, halten eine Agenda weniger anstrengend f\u00fcr ihre Gesundheit zu erhalten, w\u00e4hrend Juan Pablo II 58 zu Beginn seines Pontifikats hatte.<\/p>\n<p>Juan Pablo II, der im Jahr 2005 starb, unternahm 19 Reisen in Lateinamerika, eine Region der \u00fcberwiegend katholischen Mehrheit, das letzte von ihnen, Alter von 82 Jahren.<\/p>\n<p>Die weniger aktiven Benedicto XVI, die im April im achten Jahr seines Pontifikats treten wird, machte seine zweite Reise nach Lateinamerika und der erste, der Spanisch sprechenden L\u00e4ndern in der Region nach dem Besuch von Brasilien 2007.<\/p>\n<p>(Bericht von Philip Pullella, geschrieben von Barry Moody. Ver\u00f6ffentlicht in Spanisch von Marion Giraldo)<\/p>\n","protected":false},"excerpt":{"rendered":"<p>Rom (Reuters) &#8211; Papst Benedict XVI trat am Freitag \u00f6ffentlich gef\u00f6rderter einen Stock zum ersten Mal zu Beginn seiner Reise nach Lateinamerika, in ein Zeichen f\u00fcr seine zunehmende k\u00f6rperliche Schw\u00e4che. Der Hohepriester, 85 im n\u00e4chsten Monat stellt sich ein Flugzeug am Flughafen Rom Fiumicino mit einem Stock gingen, sagte die Vatikan-Reporter begleitete ihn auf seiner [&hellip;]<\/p>\n","protected":false},"author":1,"featured_media":0,"comment_status":"close","ping_status":"open","sticky":false,"template":"","format":"standard","meta":{"footnotes":""},"categories":[3],"tags":[],"class_list":["post-34241","post","type-post","status-publish","format-standard","hentry","category-allgemeine","et-doesnt-have-format-content","et_post_format-et-post-format-standard"],"_links":{"self":[{"href":"https:\/\/www.best-dentist-dentistry.com\/de\/wp-json\/wp\/v2\/posts\/34241","targetHints":{"allow":["GET"]}}],"collection":[{"href":"https:\/\/www.best-dentist-dentistry.com\/de\/wp-json\/wp\/v2\/posts"}],"about":[{"href":"https:\/\/www.best-dentist-dentistry.com\/de\/wp-json\/wp\/v2\/types\/post"}],"author":[{"embeddable":true,"href":"https:\/\/www.best-dentist-dentistry.com\/de\/wp-json\/wp\/v2\/users\/1"}],"replies":[{"embeddable":true,"href":"https:\/\/www.best-dentist-dentistry.com\/de\/wp-json\/wp\/v2\/comments?post=34241"}],"version-history":[{"count":0,"href":"https:\/\/www.best-dentist-dentistry.com\/de\/wp-json\/wp\/v2\/posts\/34241\/revisions"}],"wp:attachment":[{"href":"https:\/\/www.best-dentist-dentistry.com\/de\/wp-json\/wp\/v2\/media?parent=34241"}],"wp:term":[{"taxonomy":"category","embeddable":true,"href":"https:\/\/www.best-dentist-dentistry.com\/de\/wp-json\/wp\/v2\/categories?post=34241"},{"taxonomy":"post_tag","embeddable":true,"href":"https:\/\/www.best-dentist-dentistry.com\/de\/wp-json\/wp\/v2\/tags?post=34241"}],"curies":[{"name":"wp","href":"https:\/\/api.w.org\/{rel}","templated":true}]}}