{"id":34286,"date":"2013-02-06T02:27:09","date_gmt":"2013-02-06T02:27:09","guid":{"rendered":null},"modified":"-0001-11-30T00:00:00","modified_gmt":"-0001-11-30T00:00:00","slug":"Papst-beendet-Besuch-Kuba-Havanna-Massen-und-Begegnung-mit-Fidel","status":"publish","type":"post","link":"https:\/\/www.best-dentist-dentistry.com\/de\/Papst-beendet-Besuch-Kuba-Havanna-Massen-und-Begegnung-mit-Fidel\/34286","title":{"rendered":"Papst beendet Besuch Kuba Havanna Massen  und Begegnung mit Fidel"},"content":{"rendered":"<p class=\"first\"> Havanna (Reuters) &#8211; Papst Benedict XVI schlie\u00dft am Mittwoch seinen Besuch in Kuba mit einer vielf\u00e4ltigen Masse in den mythischen Platz der Revolution in Havanna und ein Treffen mit Fidel Castro, nachdem er drei Tage auf der Insel mit einer Meldung der Erneuerung und Offenheit f\u00fcr ein Land mit f\u00fcnf Jahrzehnte sozialistischer Herrschaft.<\/p>\n<p>Der Nacht von Dienstag, dass &#8220;Klick&#8221; des r\u00f6mischen Gesandten als es gr\u00fc\u00dfen hat mit seinem Vorg\u00e4nger, dem sp\u00e4ten Juan Pablo II, vor 14 Jahren in eine Entsprechung, die ein Ende der Feindseligkeiten zwischen der katholischen Kirche und den kommunistischen Beh\u00f6rden gemeint k\u00fcndigte der historischen F\u00fchrer der kubanischen Revolution.<\/p>\n<p>&#8220;Ich kam zu der \u00dcberzeugung, die Marxisten und aufrichtige Christen (&#8230;) sollte und f\u00fcr Gerechtigkeit und Frieden unter den Menschen k\u00e4mpfen konnte,&#8221; sagte Castro, 85 Jahre, in einer seiner regelm\u00e4\u00dfigen schriftlichen Reflexionen mit dem Titel &#8220;Der harten Zeiten der Menschheit&#8221;.<\/p>\n<p>&#8220;ich Sie und halten Sie es, damit&#8221; hinzugef\u00fcgt, der ehemalige Pr\u00e4sident, der Atheist Nation erkl\u00e4rt.<\/p>\n<p>Der Sumo-Pontifex der 84 Jahre, interviewte am Vorabend Pr\u00e4sident Ra\u00fal Castro versucht, den Einfluss der katholischen Kirche in dem karibischen Land zu festigen, wo die Regierung eine Reihe von Reformen, die versuchen dr\u00e4ngt, die Wirtschaft zu modernisieren, ohne dabei die sozialistische Ideologie.<\/p>\n<p>Sie konnte sehen, dass der Heilige Vater hat eine &#8220;humanit\u00e4re Anforderung&#8221;, Castro, was viele als eine Aufforderung, die politischen Gefangenen freizulassen interpretiert oder der US-Auftragnehmer Alan Gross, verurteilt zu 15 Jahren Verbindungen zum Internet installieren als illegal auf der Insel.<\/p>\n<p>Auch gebeten, das Urlaub-gute Freitag wiederherstellen, in einer \u00e4hnlichen Geste, auf die sein Bruder Fidel mit dem polnischen Papst, war wenn es Weihnachten vor seinem historischen wiedereingesetzt, 1998 besuchen.<\/p>\n<p>Nach das Begegnung, staatliche Fernsehen ihnen zeigte l\u00e4chelnd Gru\u00df einander, verschr\u00e4nkten H\u00e4nden vor dem Austausch von Geschenken. Castro gab des Papstes eine Holzschnitzerei der Virgen De La Caridad und dies war mit einem religi\u00f6sen Buch, verziert mit bunten Illustrationen.<\/p>\n<p>Jedoch nicht soll Benedicto XVI geben Publikum Dissidentengruppen beschuldigt von der Regierung als S\u00f6ldner im Sold der USA, trotz der Tatsache, dass die Gegner behaupten, dass er mit eine voreingenommene Blick ins Ausland gehen wird.<\/p>\n<p>Sozialismus, unbestreitbare<\/p>\n<p>Der Bischof von Rom mit dem kubanischen Pr\u00e4sidenten Treffen gekr\u00f6nt einen langen Weg in die Verbesserung der Beziehungen der Regierung mit der Kirche, die gekommen ist, um die wichtigsten Partner der Beh\u00f6rden bei sensiblen Themen wie Dissidenten und politische Gefangene werden.<\/p>\n<p>Raul und Benedicto XVI, als weniger charismatischen aber pragmatischer F\u00fchrer sucht ihre Vorg\u00e4nger, sichern einen Schl\u00fcssel Allianz in Zeiten der Ver\u00e4nderungen auf die Insel, wo die Reformen haben generierten Begeisterung und Angst in einem Land gewohnt, State Allgegenwart.<\/p>\n<p>Obwohl das Vorhandensein des Pontifex Erwartungen der gr\u00f6\u00dfere politische Offenheit auf sensible Menschenrechte und b\u00fcrgerliche Freiheiten Probleme generiert, die Exekutive es w\u00e4hrend der Papstbesuch, die wirtschaftliche Ver\u00e4nderungen im Bereich der politischen Einparteiensystem nicht bewegen werden deutlich gemacht.<\/p>\n<p>&#8220;in Kuba gibt es politische Reform. In Kuba sprechen wir \u00fcber die Aktualisierung des kubanischen Wirtschaftsmodells, die unsere nachhaltige Sozialismus macht&#8221;, sagte am Dienstag Marino Murillo, Vizepr\u00e4sident der EU-Ministerrat und Aufsichtsrat offizielle wirtschaftlichen Wandel.<\/p>\n<p>Transformationen zul\u00e4ssig Kubaner zum ersten Mal seit dem Triumph der Revolution 1959 kaufen und frei zu verkaufen, H\u00e4user und Autos, Erwerb von Land f\u00fcr den Anbau und Unternehmertum in Bereichen, die fr\u00fcher an den Staat, als Tourismus und Hotel vorbehalten zu verl\u00e4ngern.<\/p>\n<p>Papst erweicht seine Rede nach seiner Ankunft in Kuba mit Referenzen mehr oder weniger Abende zu politischen Gefangenen, die Notwendigkeit politischen Wandel zu vertiefen und Gesellschaft zu erneuern, aber weit von vorne Bewertungen \u00fcber das Scheitern des Kommunismus vor Anreise Montag.<\/p>\n<p>Jedoch hielt der Heilige Vater seine Vision, dass das Land braucht neue Modelle voranzubringen und die Kirche eine &#8220;wesentliche&#8221; Rolle in der Zukunft der Insel haben wird.<\/p>\n<p>(Hrsg. von Carlos Aliaga und Silene Ramirez)<\/p>\n","protected":false},"excerpt":{"rendered":"<p>Havanna (Reuters) &#8211; Papst Benedict XVI schlie\u00dft am Mittwoch seinen Besuch in Kuba mit einer vielf\u00e4ltigen Masse in den mythischen Platz der Revolution in Havanna und ein Treffen mit Fidel Castro, nachdem er drei Tage auf der Insel mit einer Meldung der Erneuerung und Offenheit f\u00fcr ein Land mit f\u00fcnf Jahrzehnte sozialistischer Herrschaft. Der Nacht [&hellip;]<\/p>\n","protected":false},"author":1,"featured_media":0,"comment_status":"close","ping_status":"open","sticky":false,"template":"","format":"standard","meta":{"footnotes":""},"categories":[3],"tags":[],"class_list":["post-34286","post","type-post","status-publish","format-standard","hentry","category-allgemeine","et-doesnt-have-format-content","et_post_format-et-post-format-standard"],"_links":{"self":[{"href":"https:\/\/www.best-dentist-dentistry.com\/de\/wp-json\/wp\/v2\/posts\/34286","targetHints":{"allow":["GET"]}}],"collection":[{"href":"https:\/\/www.best-dentist-dentistry.com\/de\/wp-json\/wp\/v2\/posts"}],"about":[{"href":"https:\/\/www.best-dentist-dentistry.com\/de\/wp-json\/wp\/v2\/types\/post"}],"author":[{"embeddable":true,"href":"https:\/\/www.best-dentist-dentistry.com\/de\/wp-json\/wp\/v2\/users\/1"}],"replies":[{"embeddable":true,"href":"https:\/\/www.best-dentist-dentistry.com\/de\/wp-json\/wp\/v2\/comments?post=34286"}],"version-history":[{"count":0,"href":"https:\/\/www.best-dentist-dentistry.com\/de\/wp-json\/wp\/v2\/posts\/34286\/revisions"}],"wp:attachment":[{"href":"https:\/\/www.best-dentist-dentistry.com\/de\/wp-json\/wp\/v2\/media?parent=34286"}],"wp:term":[{"taxonomy":"category","embeddable":true,"href":"https:\/\/www.best-dentist-dentistry.com\/de\/wp-json\/wp\/v2\/categories?post=34286"},{"taxonomy":"post_tag","embeddable":true,"href":"https:\/\/www.best-dentist-dentistry.com\/de\/wp-json\/wp\/v2\/tags?post=34286"}],"curies":[{"name":"wp","href":"https:\/\/api.w.org\/{rel}","templated":true}]}}