{"id":34383,"date":"2013-02-07T05:29:05","date_gmt":"2013-02-07T05:29:05","guid":{"rendered":null},"modified":"-0001-11-30T00:00:00","modified_gmt":"-0001-11-30T00:00:00","slug":"i-a-forum-ansich-meeting-between-managers-and-heads-of-security-in-madrid","status":"publish","type":"post","link":"https:\/\/www.best-dentist-dentistry.com\/de\/i-a-forum-ansich-meeting-between-managers-and-heads-of-security-in-madrid\/34383","title":{"rendered":"Ich \u00b0 Forum ANSICH: Treffen zwischen Manager und Leiter der Sicherheit in Madrid."},"content":{"rendered":"<p><strong>ich \u00b0 Forum ANSICH: Treffen zwischen Manager und Leiter der Sicherheit in Madrid. <\/p>\n<p><font size=\"2\"> Madrid, Februar 2013 &#8211;<\/font><\/strong> Donnerstag 31 Januar in Madrid, fand das erste Forum des Bundesverbandes f\u00fcr die Integral-Sicherheit im Gesundheitswesen-Zentren (ANSICH) mit folgendem programa: <\/p>\n<p> <strong>Tabelle von Experten <br \/><\/strong> <br \/> <strong>Jos\u00e9 Antonio Montero <br \/><\/strong> Lieutenant-Colonel der Guardia Civil. <br \/>Service an Schutz und Sicherheit (SEPROSE) <\/p>\n<p> <strong>Abelardo Ramos Frade<\/strong> <br \/> Chefinspektor des K\u00f6rpers Nationalpolizei. <br \/>Leiter der Einsatzeinheit Zusammenarbeit <\/p>\n<p> <strong>Carlos G\u00f3mez L\u00f3pez <br \/><\/strong> Sales Manager f\u00fcr Spanien und SAMSUNG Prtugal <\/p>\n<p> <strong>Jaime Perea Amor <br \/><\/strong> der BBVA Gruppe Daten-Schutz-Berater <\/p>\n<p> <strong>Carlos Ruiz Virumbrales <br \/><\/strong> Direktor des Sicherheits- und innere Ordnung von dem Krankenhaus 12 de Octubre <\/p>\n<p> <strong>Gaspar erdrosseln Cuevas<\/strong> <br \/> Sekret\u00e4r der offiziellen Schule von C\u00e1diz medizinische <\/p>\n<p> <strong>Andres Salgado Erdman <br \/><\/strong> internationale Professor Coaching <\/p>\n<p> <strong>Enrique Roviralta Arango<\/strong> <br \/>ANSICH Vizepr\u00e4sident <\/p>\n<p> <strong>Pedro G\u00f3mez Quir\u00f3s<\/strong> <br \/> ANSICH Pr\u00e4sident <\/p>\n<p> Zeit: 15-20 Stunden (Kaffeepause um 17:30) <\/p>\n<p><strong>Fragen der Debatte <br \/><\/strong> <br \/>-Vorf\u00e4lle, Unf\u00e4lle und Notf\u00e4lle in Krankenh\u00e4usern. <br \/>Sicherheitsl\u00f6sungen. <br \/>Experte: Carlos Ruiz Virumbrales <\/p>\n<p>-Verhinderung von Angriffen in Gesundheit Einstellungen. <br \/>L\u00f6sungen f\u00fcr Aggression an medizinisches Fachpersonal. <br \/>Experten: Gaspar erdrosseln Cuevas und Francisco L\u00f3pez Dom\u00ednguez <\/p>\n<p> &#8211; welche anderen F\u00e4llen wir auftreten (Selbstmorde, Kindesmissbrauch, Epidemien, Sabotage, Feuer&#8230;) <br \/>L\u00f6sungen und Protokolle. <br \/>Experte: Enrique Roviralta Arango <\/p>\n<p>-der Datenschutz in Gesundheit Einstellungen. <br \/>Video\u00fcberwachungssysteme. Video\u00fcberwachung und elektronische Sicherheitssysteme. <br \/>Sorgerecht f\u00fcr vertrauliche Dokumente. <br \/>Experte: Jaime Perea lieben <\/p>\n<p>-Beziehungen zu den staatlichen Sicherheitsbeh\u00f6rden. <br \/>Aktionen in Gesundheit-Einstellungen. Verwahrung der Gefangenen, bemerkt der Ausnahmezustand&#8230; <br \/>Experten: Jos\u00e9 Antonio Montero und Abelardo Ramos Frade <\/p>\n<p>-Kommunikationsnetz zwischen Gesundheitszentren durch das Netz der ANSICH. <br \/>Probleml\u00f6sung und Beratung \u00fcber das Web mit den anderen Kollegen. <br \/>Experte: Pedro G\u00f3mez Quir\u00f3s <\/p>\n<p>-Technologie, die im Krankenhaus Sicherheit angewandt. <br \/>Die Zentren der Pl\u00e4ne in den Bereichen Management und Kommunikation. Selbstschutz. <br \/>Experten: Carlos G\u00f3mez und Andres Salgado Erdman <\/p>\n<p>-Systeme im Brandschutz. <br \/>Protokolle und Systeme der Pr\u00e4vention. <br \/>Experte: Pedro G\u00f3mez Quir\u00f3s <\/p>\n<p> wir I \u00b0 Forum ANSICH \u00fcber Sicherheit in Gesundheitseinrichtungen in der Gemeinschaft von Madrid und weiterhin den Zyklus in den einzelnen autonomen Gemeinschaften. Themen Sicherheitsproblem und Managern und Gesundheitsexperten diskutieren bringen soll. Unser Hauptziel ist es, die Ausbildung, Zugang zu neuen technologischen Werkzeuge und Austausch von Erfahrungen, gemeinsame L\u00f6sungen auf diese Fragen zu finden, die unserer Meinung nach dringend, im Bereich der Gesundheit und Sicherheit zu l\u00f6sen sein zu aktualisieren. Mit dieser Reihe von Foren, die wir einen Raum f\u00fcr Interaktion, die sicherlich dazu beitragen wird \u00f6ffnen, f\u00f6rdern Sie die Sicherheit und das Wohlergehen, die unsere t\u00e4gliche Arbeit verlangt, Aufrechterhaltung der Qualit\u00e4tsstandards und Verbesserung der Effektivit\u00e4t und Effizienz des Service bieten wir auf Gesundheitszentren. <\/p>\n<p><\/p>\n","protected":false},"excerpt":{"rendered":"<p>ich \u00b0 Forum ANSICH: Treffen zwischen Manager und Leiter der Sicherheit in Madrid. Madrid, Februar 2013 &#8211; Donnerstag 31 Januar in Madrid, fand das erste Forum des Bundesverbandes f\u00fcr die Integral-Sicherheit im Gesundheitswesen-Zentren (ANSICH) mit folgendem programa: Tabelle von Experten Jos\u00e9 Antonio Montero Lieutenant-Colonel der Guardia Civil. Service an Schutz und Sicherheit (SEPROSE) Abelardo Ramos [&hellip;]<\/p>\n","protected":false},"author":1,"featured_media":0,"comment_status":"close","ping_status":"open","sticky":false,"template":"","format":"standard","meta":{"footnotes":""},"categories":[3],"tags":[44713,44697],"class_list":["post-34383","post","type-post","status-publish","format-standard","hentry","category-allgemeine","tag-2013-","tag-strzt","et-doesnt-have-format-content","et_post_format-et-post-format-standard"],"_links":{"self":[{"href":"https:\/\/www.best-dentist-dentistry.com\/de\/wp-json\/wp\/v2\/posts\/34383","targetHints":{"allow":["GET"]}}],"collection":[{"href":"https:\/\/www.best-dentist-dentistry.com\/de\/wp-json\/wp\/v2\/posts"}],"about":[{"href":"https:\/\/www.best-dentist-dentistry.com\/de\/wp-json\/wp\/v2\/types\/post"}],"author":[{"embeddable":true,"href":"https:\/\/www.best-dentist-dentistry.com\/de\/wp-json\/wp\/v2\/users\/1"}],"replies":[{"embeddable":true,"href":"https:\/\/www.best-dentist-dentistry.com\/de\/wp-json\/wp\/v2\/comments?post=34383"}],"version-history":[{"count":0,"href":"https:\/\/www.best-dentist-dentistry.com\/de\/wp-json\/wp\/v2\/posts\/34383\/revisions"}],"wp:attachment":[{"href":"https:\/\/www.best-dentist-dentistry.com\/de\/wp-json\/wp\/v2\/media?parent=34383"}],"wp:term":[{"taxonomy":"category","embeddable":true,"href":"https:\/\/www.best-dentist-dentistry.com\/de\/wp-json\/wp\/v2\/categories?post=34383"},{"taxonomy":"post_tag","embeddable":true,"href":"https:\/\/www.best-dentist-dentistry.com\/de\/wp-json\/wp\/v2\/tags?post=34383"}],"curies":[{"name":"wp","href":"https:\/\/api.w.org\/{rel}","templated":true}]}}