{"id":34443,"date":"2013-02-09T02:25:31","date_gmt":"2013-02-09T02:25:31","guid":{"rendered":null},"modified":"-0001-11-30T00:00:00","modified_gmt":"-0001-11-30T00:00:00","slug":"pope-calls-for-a-cuba-of-all-and-for-all","status":"publish","type":"post","link":"https:\/\/www.best-dentist-dentistry.com\/de\/pope-calls-for-a-cuba-of-all-and-for-all\/34443","title":{"rendered":"Papst fordert ein Kuba &#8220;von allen und f\u00fcr alle&#8221;"},"content":{"rendered":"<p class=\"first\"> <span class=\"yshortcuts\" id=\"lw_1332999309_0\"> Havanna<\/span> (Reuters) &#8211; Papst <span class=\"yshortcuts\" id=\"lw_1332999309_1\"> Benedikt XVI.<\/span> fordert Mittwoch bei seinem Abschied aus <span class=\"yshortcuts\" id=\"lw_1332999309_2\"> Kuba<\/span> von der Einschr\u00e4nkung der <span class=\"yshortcuts\" id=\"lw_1332999309_3\"> Freiheiten<\/span> in der <span class=\"yshortcuts\" id=\"lw_1332999309_4\"> Insel<\/span> ist kein Hindernis f\u00fcr Ver\u00e4nderungen auf der Insel und kehrte das <span class=\"yshortcuts\" id=\"lw_1332999309_5\"> Embargo<\/span> der <span class=\"yshortcuts\" id=\"lw_1332999309_6\"> USA<\/span> gegen die sozialistische <span class=\"yshortcuts\" id=\"lw_1332999309_7\"> Regierung<\/span> seit f\u00fcnf Jahrzehnten unterh\u00e4lt, zu kritisieren.<\/p>\n<p>Nach einem Besuch von drei Tagen karibischen Land, <span class=\"yshortcuts\" id=\"lw_1332999309_8\"> Sumo<\/span> Pontifex fragte &#8220;Kuba von allen und f\u00fcr alle&#8221;, Verbannung die Positionen der unbewegliche, eine gro\u00dfe nationale Auss\u00f6hnung zu einem Zeitpunkt zu erreichen die Nation live seinen gr\u00f6\u00dften Moment der Transformation seit dem Triumph der Revolution 1959.<\/p>\n<p>&#8220;Es ist m\u00f6glich, eine Gesellschaft der Weite Horizonte, erneuert und vers\u00f6hnt zu bauen. Dass niemand ist daran hindern diese spannende Aufgabe durch die Beschr\u00e4nkung ihrer Grundrechte Freiheiten zusammenzugehen, oder es durch Vernachl\u00e4ssigung oder mangelnde materielle Ressourcen freigestellt &#8220;, sagte den Bischof von Rom Flughafen.<\/p>\n<p>Dar\u00fcber hinaus der Papst forderte ein Ende des Embargos Washington das Land vor 50 Jahren auferlegt, um seinen ideologischen Feind st\u00fcrzen durch Verschlechterung der wirtschaftlichen Misere und &#8220;wiegen sich negativ auf die Bev\u00f6lkerung&#8221;.<\/p>\n<p>Seit ihrer Ankunft in Santiago De Cuba am Montag, der Papst bestand auf der Regierung von Raul Castro ben\u00f6tigen die Hilfe der Kirche auf der Suche nach neue Wege und Modelle zur Bew\u00e4ltigung der Transformationen zu kommen &#8220;ohne Traumata&#8221;.<\/p>\n<p>Der kubanische Pr\u00e4sident dankte Benedicto XVI ein Besuch, der hat in einer Atmosph\u00e4re der &#8220;Verst\u00e4ndigung&#8221; welche gefunden &#8220;viele und Tiefe&#8221; Matches trotz nicht Vertrag in allen Fragen sein \u00fcbergeben.<\/p>\n<p>&#8220;Ihre Begegnung mit dem kubanischen Volk hat die M\u00f6glichkeit, besser zu verstehen und best\u00e4tigen die Richtigkeit unserer Zwecke gegeben&#8221;, sagte vor dem H\u00e4ndesch\u00fctteln des Papstes, als er das Flugzeug die Ausreise unter einem anhaltenden Regen kletterten.<\/p>\n<p>Die Reise der katholischen Hierarch gekr\u00f6nt einen langen Weg in die Verbesserung der Beziehungen der Regierung mit der Kirche, die der wichtigste Partner der Beh\u00f6rden zur sensiblen Menschenrechte und politischen Freiheiten Probleme geworden.<\/p>\n<p>Jedoch trotz der Verweise mehr oder weniger versteckte politische Gefangene, Exilanten und der Dringlichkeit der \u00c4nderungen in gr\u00f6\u00dferer Tiefe in der Karibik Nation, der katholische F\u00fchrer empfing nicht die Dissidenten auf der Insel, von der Regierung als S\u00f6ldner im Sold der USA beschuldigt.<\/p>\n<p>Authentische Freiheit<\/p>\n<p>Am Morgen, des Heiligen Vaters amtierte eine mannigfache Masse in der mythischen Plaza De La Revoluci\u00f3n, in denen es fordert &#8220;wahre Freiheit&#8221; zur Schaffung einer offeneren Gesellschaft.<\/p>\n<p>&#8220;Es gibt andere, die diese Suche nach der Wahrheit, falsch f\u00fchrt sie der Irrationalit\u00e4t und Fanatismus interpretiert, schlie\u00dfen sich in &#39; seine wirklich &#39; und versuchen, andere daraus ziehen&#8221;, sagte von der gleichen Kanzel, wo Fidel, gekleidet in Olivgr\u00fcn, seinen Landsleuten mit beleuchteten revolution\u00e4re reden ermutigte.<\/p>\n<p>In einem lila Gewand gekleidet, der deutsche Papst tourte die Hauptverkehrsadern des Kapitals an Bord das Papamobil, bejubelt von einige 300.000 Kubaner, die Schutz vor rauen Sonne der Karibik mit Kappen, Visiere von Karton und Sonnenschirmen, die schauen, um den Segen des Bischofs von Rom erhalten.<\/p>\n<p>&#8220;kehrte der Papst den glauben viele. Hier in Kuba wirtschaftliche Schwierigkeiten \u00fcberfordern wir beide Tr\u00e4ume sind etwas Behinderte&#8221;, sagte Jos\u00e9 Correa, zeigt stolz drei Kruzifixe in seiner Brust in einem Land, das offiziell atheistisch und antiklerikalen bis 1992 war.<\/p>\n<p>Flanked von hoch aufragenden Bildnisse der argentinischen Guerilla Ernesto &#8220;Che&#8221; Guevara und Camilo Cienfuegos Rebel, Papa Benedicto XVI bekr\u00e4ftigte die Notwendigkeit, dass der Regierung mehr \u00f6ffentliche Raum der Kirche, einschlie\u00dflich der M\u00f6glichkeit, &#8220;bald&#8221; seine Lehre an Schulen und Universit\u00e4ten nehmen.<\/p>\n<p>&#8220;Es ist notwendig, zu bewegen (und) verst\u00e4rken bereits erzielter und diesen Weg der echten Dienst f\u00fcr das Gemeinwohl der ganzen kubanische Gesellschaft voraus&#8221; sagte die weitere Festigung der Allianz von Kirche und Staat &#8220;freudig&#8221; Hervorhebung.<\/p>\n<p>Am Dienstag, hatte der Papst eine &#8220;herzliche&#8221; Treffen mit Ra\u00fal Castro, die Macht, die nach dem R\u00fccktritt seines Bruders im Jahr 2008 aus gesundheitlichen Gr\u00fcnden \u00fcbernahmen.<\/p>\n<p>Seiner Heiligkeit gemacht h\u00e4tte eine &#8220;humanit\u00e4re Aufforderung&#8221;, Castro, sagte den Vatikan, was viele als eine Aufforderung, die politischen Gefangenen freizulassen oder der US-Auftragnehmer Alan Gross, verurteilt zu 15 Jahren Verbindungen zum Internet installieren als illegal auf der Insel.<\/p>\n<p>Auch den Urlaub wiederherstellen Karfreitag, in einer Geste, die \u00e4hnlich wie die Fidel, mit dem sp\u00e4ten Juan Pablo II hatte, die Weihnachten vor seinem historischen Besuch 1998 wieder angefordert.<\/p>\n<p>MARXISTEN und Christen<\/p>\n<p>Einer der am meisten erwarteten Momente der Reise war die Begegnung zwischen Papst Benedicto XVI und Fidel Castro, der f\u00fcr eine halbe Stunde in der Apostolischen Nuntiatur von Havanna trafen.<\/p>\n<p>, Der Sprecher des Vatikans, Federico Lombardi, sagte, es sei ein ruhige und herzliche Gespr\u00e4ch, wo sprach er \u00fcber der kirchlichen Liturgie und die Probleme der Menschheit. Sie scherzte sogar \u00fcber sein Alter, und der charismatischen Rebell fragte ihn, was ist des Vaters Arbeit.<\/p>\n<p>Rezeption war ein Impuls zur Konsolidierung der wichtigsten Allianz zwischen der katholischen Kirche und der Regierung, die eine Reihe von Reformen, die Wirtschaft zu modernisieren, ohne Verzicht auf die sozialistische Ideologie f\u00f6rdert, Ausbau von Unternehmertum in Bereichen, die fr\u00fcher an den Staat, wie Tourismus und Hotellerie vorbehalten.<\/p>\n<p>Der Besuch generiert unterschiedliche Reaktionen in der Bev\u00f6lkerung. Einige glauben, dass der Papst helfen wird, die Wirtschaftsblockade gegen Washington, andere ein Ende gesetzt, die die politischen Ver\u00e4nderungen und die Mehrheit, die den Glauben wird nach Jahrzehnten des Antiklerikalismus und Vermehrung von der Afro-kubanischen Santeria wieder aufl\u00e4dt.<\/p>\n<p>&#8220;wissen, dass Kuba muss sich \u00e4ndern und sind machen. aber beim \u00c4ndern der USA, mit seiner Blockade, die ertr\u00e4nkt uns? &#8220;Ich hoffe, Benedict hat nichts zu sagen auch&#8221;, sagte Maritza \u00c1lvarez, ein Staat besch\u00e4ftigt im Alter von 40, die von den fr\u00fchen Morgenstunden eine stattfinden in den ersten Reihen gewartet.<\/p>\n<p>, Aber die Erwartungen, dass die Pr\u00e4senz der katholischen Hierarch einer \u00d6ffnung zu sensiblen Themen wie Menschenrechte wich und b\u00fcrgerliche Freiheiten war Schnitt aus der Exekutive, denen klar wieder einmal, dass die \u00c4nderungen wirken sich nicht auf politische Einparteiensystem.<\/p>\n<p>&#8220;In Kuba es politischen Reformen muss nicht&#8221;, sagte unverbl\u00fcmt Dienstag Marino Murillo, einer der kubanischen Vice Presidents und Aufseher \u00fcber die wirtschaftlichen Transformationen.<\/p>\n<p>Reaktion, der Sprecher f\u00fcr seine Heiligkeit sagte: &#8220;die Kirche versucht nicht, L\u00f6sungen durchzusetzen. Wir wissen, dass es ist ein langer Weg und Kubas Geschichte Komplex ist&#8221;.<\/p>\n<p>\/ Pro Enrique Andres Pretel und Nelson Acosta \/<\/p>\n","protected":false},"excerpt":{"rendered":"<p>Havanna (Reuters) &#8211; Papst Benedikt XVI. fordert Mittwoch bei seinem Abschied aus Kuba von der Einschr\u00e4nkung der Freiheiten in der Insel ist kein Hindernis f\u00fcr Ver\u00e4nderungen auf der Insel und kehrte das Embargo der USA gegen die sozialistische Regierung seit f\u00fcnf Jahrzehnten unterh\u00e4lt, zu kritisieren. Nach einem Besuch von drei Tagen karibischen Land, Sumo Pontifex [&hellip;]<\/p>\n","protected":false},"author":1,"featured_media":0,"comment_status":"close","ping_status":"open","sticky":false,"template":"","format":"standard","meta":{"footnotes":""},"categories":[3],"tags":[44766],"class_list":["post-34443","post","type-post","status-publish","format-standard","hentry","category-allgemeine","tag-spitzenwert","et-doesnt-have-format-content","et_post_format-et-post-format-standard"],"_links":{"self":[{"href":"https:\/\/www.best-dentist-dentistry.com\/de\/wp-json\/wp\/v2\/posts\/34443","targetHints":{"allow":["GET"]}}],"collection":[{"href":"https:\/\/www.best-dentist-dentistry.com\/de\/wp-json\/wp\/v2\/posts"}],"about":[{"href":"https:\/\/www.best-dentist-dentistry.com\/de\/wp-json\/wp\/v2\/types\/post"}],"author":[{"embeddable":true,"href":"https:\/\/www.best-dentist-dentistry.com\/de\/wp-json\/wp\/v2\/users\/1"}],"replies":[{"embeddable":true,"href":"https:\/\/www.best-dentist-dentistry.com\/de\/wp-json\/wp\/v2\/comments?post=34443"}],"version-history":[{"count":0,"href":"https:\/\/www.best-dentist-dentistry.com\/de\/wp-json\/wp\/v2\/posts\/34443\/revisions"}],"wp:attachment":[{"href":"https:\/\/www.best-dentist-dentistry.com\/de\/wp-json\/wp\/v2\/media?parent=34443"}],"wp:term":[{"taxonomy":"category","embeddable":true,"href":"https:\/\/www.best-dentist-dentistry.com\/de\/wp-json\/wp\/v2\/categories?post=34443"},{"taxonomy":"post_tag","embeddable":true,"href":"https:\/\/www.best-dentist-dentistry.com\/de\/wp-json\/wp\/v2\/tags?post=34443"}],"curies":[{"name":"wp","href":"https:\/\/api.w.org\/{rel}","templated":true}]}}