{"id":34464,"date":"2013-02-09T02:26:59","date_gmt":"2013-02-09T02:26:59","guid":{"rendered":null},"modified":"-0001-11-30T00:00:00","modified_gmt":"-0001-11-30T00:00:00","slug":"ecuador-will-defend-in-rio-20-good-living-nature-and-biodiversity","status":"publish","type":"post","link":"https:\/\/www.best-dentist-dentistry.com\/de\/ecuador-will-defend-in-rio-20-good-living-nature-and-biodiversity\/34464","title":{"rendered":"ecuador will defend in rio 20 good living nature and biodiversity"},"content":{"rendered":"<p class=\"first\"> <span class=\"yshortcuts\" id=\"lw_1333115696_0\"> Paris<\/span>, 30 M\u00e4r (<span class=\"yshortcuts\" id=\"lw_1333115696_1\"> EFE<\/span>).-F\u00f6rderung das &#8220;gute Leben&#8221;, Annahme einer <span class=\"yshortcuts\" id=\"lw_1333115696_2\"> Universal-Anweisung<\/span> <span class=\"yshortcuts\" id=\"lw_1333115696_3\"> das Naturgesetz<\/span>, Schaffung einer <span class=\"yshortcuts\" id=\"lw_1333115696_4\"> neuen Architektur<\/span> <span class=\"yshortcuts\" id=\"lw_1333115696_5\"> Grand Central<\/span> und Schutz der <span class=\"yshortcuts\" id=\"lw_1333115696_6\"> kulturellen Vielfalt<\/span> sind <span class=\"yshortcuts\" id=\"lw_1333115696_7\"> die vier<\/span> <span class=\"yshortcuts\" id=\"lw_1333115696_8\"> S\u00e4ulen<\/span> der nachhaltigen Entwicklung, die Ecuador Juni n\u00e4chsten Jahres auf der Konferenz Rio + 20 verteidigen wird.<\/p>\n<p>Der ecuadorianischen Minister-Koordinator des Erbes, Mar\u00eda Fernanda Espinosa, nur ihnen auf dem internationalen Forum der Probleme in Richtung Rio + 20 in Paris pr\u00e4sentiert, organisiert von der franz\u00f6sischen nationalen Forschung National Center und der wandernden Universit\u00e4t, gegr\u00fcndet von dem Soziologen Edgar Morin, sagte in einem Interview mit Efe.<\/p>\n<p>&#8220;Leider ganzen K\u00f6rper institutionelle und rechtliche Mandat, dass wir die 193 L\u00e4ndern des Systems vor 20 Jahren \u00fcbernehmen hat in einer sehr schwachen Weise erreicht &#8211; betont-,&#8221;.<\/p>\n<p>F\u00fcr Ecuador, Rio + 20 &#8220;eine Plattform, die Agenda der nachhaltigen Entwicklung zu aktualisieren&#8221; ist und was waren diese zwanzig Jahre im Hinblick auf die Einhaltung der multilateralen Umweltabkommen z. B. die \u00dcbereinkommen \u00fcber Klima-\u00c4nderung und die biologische Vielfalt oder die Grunds\u00e4tze \u00fcber W\u00e4lder und W\u00fcstenbildung zu beurteilen.<\/p>\n<p>Sollte auch ein &#8220;Gleichgewicht wie die zehn Prinzipien des Flusses, traf die &#39; die Agenda 21 &#39; der Aktionsplan von Johannesburg, nach die Beurteilung im 2002&#8221;, f\u00fcgte er hinzu.<\/p>\n<p>Betont, in diesem Zusammenhang das obwohl &#8220;vielen L\u00e4ndern sagen, dass es nicht Zeit zu bewerten, dass wir auf die Zukunft konzentrieren m\u00fcssen,&#8221; geht nicht &#8220;Wenn es nicht-Analyse, gr\u00fcndlich, kritisch, selbstkritisch was diese zwanzig Jahre gewesen ist&#8221;.<\/p>\n<p>Des ecuadorianischen Vorschlags Espinosa unterstrichen die absolute Notwendigkeit der &#8220;beinhalten eine vierte S\u00e4ule&#8221; der kulturellen Vielfalt, &#8220;um die drei Achsen der sogenannten nachhaltige Entwicklung, die die wirtschaftlichen, sozialen und \u00f6kologischen&#8221;.<\/p>\n<p>&#8220;Wir sind uns bewusst, dass ein Gro\u00dfteil der Inspiration f\u00fcr die Entwicklung eines neuen Typs von den Beitrag unserer V\u00f6lker und indigenen Nationalit\u00e4ten kommt&#8221;, als &#8220;gutes Leben&#8221;, betonte Konzept &#8220;Leben in F\u00fclle&#8221; Anden indigener V\u00f6lker entnommen.<\/p>\n<p>Erinnert, dar\u00fcber hinaus, dass die Verfassung die einzige auf dem Planeten &#8220;die erkennt Rechte zur Natur, was passiert, wenn ein Objekt, ein Gegenstand der Rechte&#8221;.<\/p>\n<p>Durch die Ecuador in Rio die universelle Erkl\u00e4rung der Rechte der Natur, einen &#8220;Pakt politischer und ethischer auf planetarer Ebene vorgeschlagen zu sch\u00fctzen und pflegen ihre Existenz und ihre \u00f6kologischen Funktionen und sein Existenzrecht&rsquo;.<\/p>\n<p>&#8220;Wissen, dass es keine leichte Aufgabe&#8221; und, dass es wird ein langer Prozess des Aushandelns, aber Mitglieder der INFOREVOLUTION (Lateinamerika und die Karibik-Gemeinschaft) bereits verabschiedet die Idee, betonte er.<\/p>\n<p>Auch betont, dass f\u00fcr Ecuador &#8220;k\u00f6nnen nicht weiter denken, dass der einzige Weg zur Entwicklung&#8221; die Optimierung des Profits ist, Ansammlung und Wachstum, also Fragen Wachstum ohne Qualit\u00e4t und bewerten Sie sogar die M\u00f6glichkeit des &#8220;weiterverbreiten und Ressourcen besser nutzen&#8221; anstatt wachsen.<\/p>\n<p>Im Bereich Governance, sagte er, Ecuador will &#8220;liefern konkrete Mechanismen zur nachhaltigen Entwicklung zu finanzieren&#8221;, Weg von jenen verwendet jetzt: Flexibilit\u00e4t und die Abnahme der Umweltstandards in der Produktion.<\/p>\n<p>&#8220;Optimize profitiert, die Besessenheit unserer kapitalistischen Welt&#8221;, konnte auch sein schaffen zwei verschiedene Steuern auf internationale Finanztransaktionen und den Verbrauch von fossilen Brennstoffen und ein System der &#8220;Netto-Emissionen zu vermeiden&#8221;, als die des Umweltsch\u00fctzer Yasun\u00ed-ITT-Initiative, betrachtet. EFE<\/p>\n","protected":false},"excerpt":{"rendered":"<p>Paris, 30 M\u00e4r ( EFE).-F\u00f6rderung das &#8220;gute Leben&#8221;, Annahme einer Universal-Anweisung das Naturgesetz, Schaffung einer neuen Architektur Grand Central und Schutz der kulturellen Vielfalt sind die vier S\u00e4ulen der nachhaltigen Entwicklung, die Ecuador Juni n\u00e4chsten Jahres auf der Konferenz Rio + 20 verteidigen wird. Der ecuadorianischen Minister-Koordinator des Erbes, Mar\u00eda Fernanda Espinosa, nur ihnen auf [&hellip;]<\/p>\n","protected":false},"author":1,"featured_media":0,"comment_status":"close","ping_status":"open","sticky":false,"template":"","format":"standard","meta":{"footnotes":""},"categories":[3],"tags":[44771],"class_list":["post-34464","post","type-post","status-publish","format-standard","hentry","category-allgemeine","tag-adipositas-medikamente","et-doesnt-have-format-content","et_post_format-et-post-format-standard"],"_links":{"self":[{"href":"https:\/\/www.best-dentist-dentistry.com\/de\/wp-json\/wp\/v2\/posts\/34464","targetHints":{"allow":["GET"]}}],"collection":[{"href":"https:\/\/www.best-dentist-dentistry.com\/de\/wp-json\/wp\/v2\/posts"}],"about":[{"href":"https:\/\/www.best-dentist-dentistry.com\/de\/wp-json\/wp\/v2\/types\/post"}],"author":[{"embeddable":true,"href":"https:\/\/www.best-dentist-dentistry.com\/de\/wp-json\/wp\/v2\/users\/1"}],"replies":[{"embeddable":true,"href":"https:\/\/www.best-dentist-dentistry.com\/de\/wp-json\/wp\/v2\/comments?post=34464"}],"version-history":[{"count":0,"href":"https:\/\/www.best-dentist-dentistry.com\/de\/wp-json\/wp\/v2\/posts\/34464\/revisions"}],"wp:attachment":[{"href":"https:\/\/www.best-dentist-dentistry.com\/de\/wp-json\/wp\/v2\/media?parent=34464"}],"wp:term":[{"taxonomy":"category","embeddable":true,"href":"https:\/\/www.best-dentist-dentistry.com\/de\/wp-json\/wp\/v2\/categories?post=34464"},{"taxonomy":"post_tag","embeddable":true,"href":"https:\/\/www.best-dentist-dentistry.com\/de\/wp-json\/wp\/v2\/tags?post=34464"}],"curies":[{"name":"wp","href":"https:\/\/api.w.org\/{rel}","templated":true}]}}