{"id":34471,"date":"2013-02-09T02:27:26","date_gmt":"2013-02-09T02:27:26","guid":{"rendered":null},"modified":"-0001-11-30T00:00:00","modified_gmt":"-0001-11-30T00:00:00","slug":"Verbieten-Sie-Pferderennen-und-die-Abfahrt-der-Pferde-Pferde-Husten-in-Uruguay","status":"publish","type":"post","link":"https:\/\/www.best-dentist-dentistry.com\/de\/Verbieten-Sie-Pferderennen-und-die-Abfahrt-der-Pferde-Pferde-Husten-in-Uruguay\/34471","title":{"rendered":"Verbieten Sie Pferderennen und die Abfahrt der Pferde Pferde Husten in Uruguay"},"content":{"rendered":"<p class=\"first\"> <span class=\"yshortcuts\" id=\"lw_1333156273_0\"> Montevideo<\/span>, 30 M\u00e4r (<span class=\"yshortcuts\" id=\"lw_1333156273_1\"> EFE<\/span>).-der uruguayischen <span class=\"yshortcuts\" id=\"lw_1333156273_2\"> Regierung<\/span> heute angehalten die Ausfahrt der Pferde im Ausland und <span class=\"yshortcuts\" id=\"lw_1333156273_3\"> Rennen<\/span> an Rennstrecken des Landes durch den Ausbruch einer <span class=\"yshortcuts\" id=\"lw_1333156273_4\"> Atemwegserkrankungen<\/span> unter Kopien reinen Blut, eine <span class=\"yshortcuts\" id=\"lw_1333156273_5\"> Ma\u00dfnahme<\/span> als \u00fcbertrieben durch die betroffenen Unternehmer und unzureichende von <span class=\"yshortcuts\" id=\"lw_1333156273_6\"> Tier\u00e4rzten<\/span>.<\/p>\n<p>In einer Aufl\u00f6sung von acht Punkte, zu denen er Zugang hatten, <span class=\"yshortcuts\" id=\"lw_1333156273_7\"> Efe<\/span>, der <span class=\"yshortcuts\" id=\"lw_1333156273_8\"> Generaldirektion<\/span> der Viehbestand Dienstleistungen sagte, dass die Ma\u00dfnahmen ergriffen wurden, nach der Entdeckung &#8220;einer Krankheit akute respiratorische Symptome, hohe Morbidit\u00e4t und geringe Sterberate bei Pferden&#8221;.<\/p>\n<p>Obwohl die Entit\u00e4t, abh\u00e4ngig von dem Ministerium f\u00fcr Viehzucht, Landwirtschaft und Fischerei, berichtet, dass noch dort eine &#8220;Diagnose&#8221; der Krankheit-Labor, er wies darauf hin, dass &#8220;es \u00e4hnliche F\u00e4lle in den L\u00e4ndern der Region (Sudamericana) kompatibel mit Grippe oder Equine Rhinopneumonitis gibt&#8221;.<\/p>\n<p>Vorsichtsma\u00dfnahmen beeinflussen voller Pferde Vollblut Rennen aber auch in geringerem Umfang f\u00fcr den Eintritt &#8220;alle Pferde in R\u00e4umlichkeiten der Konzentration von Tieren&#8221;, als Versteigerungen (Auktionen), Pferd Reiten, Messen oder anderen Zentren oder e Unterhaltung testen.<\/p>\n<p>In solchen F\u00e4llen m\u00fcssen die Tiere eine spezielle Veterin\u00e4rbescheinigung.<\/p>\n<p>Wochenende beginnt in Montevideo die Criolla, einem ber\u00fchmten Springreiter faire welche findet an Ostern und deren Kernaktivit\u00e4ten das Rodeo (eine Art von Domas), steht immer noch, obwohl diese neuesten Einschr\u00e4nkungen leiden mit.<\/p>\n<p>Im Namen einer der betroffenen Unternehmen, der Maro\u00f1as-Rennstrecke in Montevideo, der Manager der Einrichtung, Oscar Bertoletti, ausgedr\u00fcckt Freitag seine &#8220;\u00dcberraschung&#8221; und &#8220;Sorge&#8221; f\u00fcr die Bestimmung der Beh\u00f6rden.<\/p>\n<p>Brizzi gesagt Radio schnitzen Virulenz war sehr mild, Tiere, die betroffen waren, hatten keine wichtige Erkrankungen &#8220;und klagte, dass die offizielle Ma\u00dfnahme 15 Wettbewerbe betrifft nur dieses Wochenende, denen mehr als 250 Pferde teilnehmen w\u00fcrden.<\/p>\n<p>Obwohl es gesagt, nicht um zu sch\u00e4tzen, die wirtschaftliche Auswirkungen der Entscheidung erkl\u00e4rt, dass nur in Maro\u00f1as, wo offenbar erkannt wurde der infekti\u00f6sen Fokus, die &#8220;Awards am letzte Woche im Durchschnitt von $200.000&#8221;.<\/p>\n<p>Brizzi f\u00fcgte hinzu, dass &#8220;die Krankheit bereits in einem terminal oder marginal-Stadium&#8221; und sagte, dass es &#8220;ein Problem, das auftritt, regelm\u00e4\u00dfig,&#8221; Obwohl &#8220;dieses Jahr eher h\u00e4rter passiert&#8221;.<\/p>\n<p>, Der Pr\u00e4sident der Gesellschaft f\u00fcr Medizin Veterin\u00e4r der Uruguay, Carlos Mor\u00f3n, sagte, dass diese Art von Erkrankungen der Atemwege &#8220;sehr leicht ausbreiten&#8221;, weil sie&#8221;viral&#8221;.<\/p>\n<p>Sagte auch, &#8220;kann Komplikationen f\u00fcr Pferde, in einigen F\u00e4llen Tod bringen&#8221; &#8220;Wenn es kompliziert wird, durch eine bakterielle Infektion,&#8221;.<\/p>\n<p>Darum bef\u00fcrwortet, da werden alle T\u00e4tigkeiten, bei denen Pferde, daran zu erinnern, dass &#8220;es auch Tiere, die der Impfstoff ihnen nicht die gew\u00fcnschte Wirkung genommen hat&#8221; ausgesetzt.<\/p>\n<p>F\u00fcr den speziellen Fall der Messen, wie die Creole, Moron zur\u00fcckgerufen, auch Radio schnitzen, das &#8220;Virus \u00fcbergeben kann von einem Tier zum anderen oder von den H\u00e4nden der Menschen, die ein Pferd oder ein anderes zu ber\u00fchren&#8221;.<\/p>\n<p>Beginnt am kommenden Wochenende in Montevideo die Criolla, einem ber\u00fchmten Springreiter fair gehalten zu Ostern und deren Kernaktivit\u00e4ten, die Rodeo, steht immer noch, obwohl mit diesen neuesten Einschr\u00e4nkungen zu leiden. WireImage \/<\/p>\n","protected":false},"excerpt":{"rendered":"<p>Montevideo, 30 M\u00e4r ( EFE).-der uruguayischen Regierung heute angehalten die Ausfahrt der Pferde im Ausland und Rennen an Rennstrecken des Landes durch den Ausbruch einer Atemwegserkrankungen unter Kopien reinen Blut, eine Ma\u00dfnahme als \u00fcbertrieben durch die betroffenen Unternehmer und unzureichende von Tier\u00e4rzten. In einer Aufl\u00f6sung von acht Punkte, zu denen er Zugang hatten, Efe, der [&hellip;]<\/p>\n","protected":false},"author":1,"featured_media":0,"comment_status":"close","ping_status":"open","sticky":false,"template":"","format":"standard","meta":{"footnotes":""},"categories":[3],"tags":[],"class_list":["post-34471","post","type-post","status-publish","format-standard","hentry","category-allgemeine","et-doesnt-have-format-content","et_post_format-et-post-format-standard"],"_links":{"self":[{"href":"https:\/\/www.best-dentist-dentistry.com\/de\/wp-json\/wp\/v2\/posts\/34471","targetHints":{"allow":["GET"]}}],"collection":[{"href":"https:\/\/www.best-dentist-dentistry.com\/de\/wp-json\/wp\/v2\/posts"}],"about":[{"href":"https:\/\/www.best-dentist-dentistry.com\/de\/wp-json\/wp\/v2\/types\/post"}],"author":[{"embeddable":true,"href":"https:\/\/www.best-dentist-dentistry.com\/de\/wp-json\/wp\/v2\/users\/1"}],"replies":[{"embeddable":true,"href":"https:\/\/www.best-dentist-dentistry.com\/de\/wp-json\/wp\/v2\/comments?post=34471"}],"version-history":[{"count":0,"href":"https:\/\/www.best-dentist-dentistry.com\/de\/wp-json\/wp\/v2\/posts\/34471\/revisions"}],"wp:attachment":[{"href":"https:\/\/www.best-dentist-dentistry.com\/de\/wp-json\/wp\/v2\/media?parent=34471"}],"wp:term":[{"taxonomy":"category","embeddable":true,"href":"https:\/\/www.best-dentist-dentistry.com\/de\/wp-json\/wp\/v2\/categories?post=34471"},{"taxonomy":"post_tag","embeddable":true,"href":"https:\/\/www.best-dentist-dentistry.com\/de\/wp-json\/wp\/v2\/tags?post=34471"}],"curies":[{"name":"wp","href":"https:\/\/api.w.org\/{rel}","templated":true}]}}