{"id":34476,"date":"2013-02-09T02:27:46","date_gmt":"2013-02-09T02:27:46","guid":{"rendered":null},"modified":"-0001-11-30T00:00:00","modified_gmt":"-0001-11-30T00:00:00","slug":"llamazares-criticizes-the-worrying-political-weakness-mato","status":"publish","type":"post","link":"https:\/\/www.best-dentist-dentistry.com\/de\/llamazares-criticizes-the-worrying-political-weakness-mato\/34476","title":{"rendered":"LLAMAZARES kritisiert &#8220;Besorgnis erregende politische Schw\u00e4che&#8221; Mato"},"content":{"rendered":"<p class=\"first\"> Madrid, 1 Apr (EFE).-der Stellvertreter von IU und Sprecher Parlamentarier in der Gesundheitskommission des Kongresses, Gaspar Llamazares, sagte heute, dass sowohl das Ministerium f\u00fcr Gesundheit, soziale Dienste und Gleichheit und seines Besitzers, Ana Mato, &#8220;in dieser kurzen Zeit eine beunruhigende politische Schw\u00e4che gezeigt,&#8221;.<\/p>\n<p>So Llamazares bezeichnet die Leistung des neuen Ministers w\u00e4hrend der ersten 100 Tage der beliebten Exekutive Ma\u00dfnahme, in dem, seiner Ansicht nach &#8220;in klarer Weise, dass Gesundheit keine politische Priorit\u00e4t f\u00fcr diese Regierung und die PP angezeigt wird oder&#8221;.<\/p>\n<p>&#8220;Wird wiederholt, ein \u00e4hnliches Szenario an, dass den Gesetzgeber \u00fcbergeben, mit der PSOE, die ist noch trauriger, wenn wir die Herausforderungen ber\u00fccksichtigt werden, die auch behandelt werden m\u00fcssen&#8221;, argumentierte er in einer Pressemitteilung.<\/p>\n<p>F\u00fcr Llamazares, Mato f\u00fchrt seine Arbeit mit einer &#8220;gesamte Pufferzeit&#8221; \u00fcber die &#8220;gro\u00dfen&#8221; Forderungen und Forderungen auf den Tisch von den Millionen von Nutzern des Gesundheitswesens gelegt, die Profis des Sektors und bestimmte Gruppen soziale und gesch\u00e4ftliche Verbindung mit dem.<\/p>\n<p>UI Parlamentarier hat davor gewarnt, dass &#8220;zu diesem bemerkenswerten Mangel an Initiative des Ministers wird versch\u00e4rft, dar\u00fcber, dass seine Abteilung ist politisch in der Defensive, das Schlimmste, das passieren kann, in einem Ministerium dieser Merkmale&#8221;, t\u00f6nte hat.<\/p>\n<p>&#8220;Mehr, dass Vorschl\u00e4ge zu starten was scheinen gewidmet sein konstruktiv und effizient Ziele zu stoppen und versuchen, die Schl\u00e4ge zu stoppen, die von den autonomen Gemeinschaften die handeln am Rand der Beh\u00f6rde und die tats\u00e4chlichen Kr\u00e4fte, die das Gesundheitsministerium hat stammen, ist&#8221; geschlossen.<\/p>\n","protected":false},"excerpt":{"rendered":"<p>Madrid, 1 Apr (EFE).-der Stellvertreter von IU und Sprecher Parlamentarier in der Gesundheitskommission des Kongresses, Gaspar Llamazares, sagte heute, dass sowohl das Ministerium f\u00fcr Gesundheit, soziale Dienste und Gleichheit und seines Besitzers, Ana Mato, &#8220;in dieser kurzen Zeit eine beunruhigende politische Schw\u00e4che gezeigt,&#8221;. So Llamazares bezeichnet die Leistung des neuen Ministers w\u00e4hrend der ersten 100 [&hellip;]<\/p>\n","protected":false},"author":1,"featured_media":0,"comment_status":"close","ping_status":"open","sticky":false,"template":"","format":"standard","meta":{"footnotes":""},"categories":[3],"tags":[],"class_list":["post-34476","post","type-post","status-publish","format-standard","hentry","category-allgemeine","et-doesnt-have-format-content","et_post_format-et-post-format-standard"],"_links":{"self":[{"href":"https:\/\/www.best-dentist-dentistry.com\/de\/wp-json\/wp\/v2\/posts\/34476","targetHints":{"allow":["GET"]}}],"collection":[{"href":"https:\/\/www.best-dentist-dentistry.com\/de\/wp-json\/wp\/v2\/posts"}],"about":[{"href":"https:\/\/www.best-dentist-dentistry.com\/de\/wp-json\/wp\/v2\/types\/post"}],"author":[{"embeddable":true,"href":"https:\/\/www.best-dentist-dentistry.com\/de\/wp-json\/wp\/v2\/users\/1"}],"replies":[{"embeddable":true,"href":"https:\/\/www.best-dentist-dentistry.com\/de\/wp-json\/wp\/v2\/comments?post=34476"}],"version-history":[{"count":0,"href":"https:\/\/www.best-dentist-dentistry.com\/de\/wp-json\/wp\/v2\/posts\/34476\/revisions"}],"wp:attachment":[{"href":"https:\/\/www.best-dentist-dentistry.com\/de\/wp-json\/wp\/v2\/media?parent=34476"}],"wp:term":[{"taxonomy":"category","embeddable":true,"href":"https:\/\/www.best-dentist-dentistry.com\/de\/wp-json\/wp\/v2\/categories?post=34476"},{"taxonomy":"post_tag","embeddable":true,"href":"https:\/\/www.best-dentist-dentistry.com\/de\/wp-json\/wp\/v2\/tags?post=34476"}],"curies":[{"name":"wp","href":"https:\/\/api.w.org\/{rel}","templated":true}]}}