{"id":34524,"date":"2013-02-09T02:39:54","date_gmt":"2013-02-09T02:39:54","guid":{"rendered":null},"modified":"-0001-11-30T00:00:00","modified_gmt":"-0001-11-30T00:00:00","slug":"morales-solves-conflict-of-doctors-after-53-days-of-strike","status":"publish","type":"post","link":"https:\/\/www.best-dentist-dentistry.com\/de\/morales-solves-conflict-of-doctors-after-53-days-of-strike\/34524","title":{"rendered":"morales solves conflict of doctors after 53 days of strike"},"content":{"rendered":"<p class=\"first\"> La Paz, 19. Mai (EFE).-der Regierung des bolivianischen Pr\u00e4sidenten Evo Morales, l\u00f6ste heute Streik der \u00c4rzte von Krankenh\u00e4usern in den Zustand, die 53 Tage dauerte, ratifizieren ist ein Dekret, das den Arbeitstag im Bereich von sechs bis acht Stunden steigt, und deren Aufhebung von \u00c4rzten nicht erreicht wurde, wie sie wollten, ausgesetzt.<\/p>\n<p>Der Minister, Carlos Romero und Pr\u00e4sident der medizinischen Schule von Bolivien, Alfonso Barrios, eine Vereinbarung \u00fcber die Gr\u00fcndung des Sektors beh\u00e4lt seine Ablehnung des Dekrets, als unzureichend Aussetzung und gibt bekannt, dass sie gegen den gleichen Anforderungen im nationalen und internationalen Gerichten vorlegen wird.<\/p>\n<p>Gem\u00e4\u00df der Vereinbarung Anspr\u00fcche erhoben werden k\u00f6nnen, im Hof oder in der Interamerikanischen Kommission f\u00fcr Menschenrechte der Organisation amerikanischer Staaten (OAS) wissen, ob das Dekret mit internationalen Standards kompatibel ist.<\/p>\n<p>Barrios gesagt, dass sie mit Unterst\u00fctzung der Regierung Konsultationen Slurps Dekrets in internationalen Gremien, tun wird, obwohl der Minister wies darauf hin, dass die Exekutive begrentzt, die F\u00fchrer der was das Verfahren ist in solchen F\u00e4llen einzuhaltende.<\/p>\n<p>&#8220;Wenn sie den Standard in Frage zu stellen weiterhin, stellen sie es, k\u00f6nnen Sie verlangen f\u00fcr Meinungen zu das gleiche, aber f\u00fcr uns, die eine Debatte ist, die auf dem Gipfel der Gesundheit verschoben&#8221;, Romero, unter Bezugnahme auf ein Treffen im Juli stattfinden, um weitreichende Reformen f\u00fcr die Gesundheit in Bolivien zu definieren hinzugef\u00fcgt.<\/p>\n<p>Morales verf\u00fcgte Ende Januar die Erh\u00f6hung der Arbeitszeit der \u00c4rzte mit dem Argument, die Pflege in Krankenh\u00e4usern verbessern w\u00fcrde, aber der Sektor statt zwei Stunden Arbeit \u00e4ndern nicht gesundheitliche Probleme, weil die Krankenh\u00e4user und ihre Ausr\u00fcstung alt und arbeiten mit niedrigen Budgets sind.<\/p>\n<p>\u00c4rzte auch argumentieren, dass sechs Stunden Arbeit eine Eroberung soziale 1970 nicht vermissen und mit ihrer Proteste, gef\u00f6rdert durch die Gewerkschaften der Arbeiter in den Krankenh\u00e4usern und Medizinstudenten, zwingt Morales, es ruht, zu verlassen, obwohl sie nicht zur Aufhebung der zur\u00fcck.<\/p>\n<p>Konflikt und der Streik, die Ende M\u00e4rz begann, provozierte Ausschreitungen, f\u00fchrte zu mehreren Verwundeten und Gefangenen, die Proteste in mehreren St\u00e4dten mit Demonstrationen und Blockaden, dass selbst enthalten begab sich internationale Autobahnen geschnitten.<\/p>\n<p>Die j\u00fcngsten gewaltt\u00e4tigen Demonstrationen fand statt am Donnerstag, wenn Sch\u00fcler versucht, einem Dorf am Stadtrand von der zentralen Stadt Cochabamba, zu erreichen, ein internationales Treffen von Studenten aus Protest gegen die von der Organisation amerikanischer Staaten (OAS) organisiert, Pr\u00e4ludium in der offiziellen Versammlung, die es von 3 bis 5 Juni stattfinden wird.<\/p>\n<p>Barrios sagte, dass 90 % der \u00c4rzte-Verb\u00e4nde der Konvents akzeptiert und der Rest, einschlie\u00dflich der von La Paz, einer der gr\u00f6\u00dften ist in Bolivien, respektiert die Mehrheitsentscheidung.<\/p>\n<p>Auch das Abkommen sieht vor, dass die Regierung f\u00fcr ung\u00fcltig das Gericht Anspr\u00fcche gegen \u00c4rzte erkl\u00e4rt und Akademiker, die sie der Vergangenheit randalierte Wochen und Verg\u00fctungen nicht sind L\u00f6hne abgezogen f\u00fcr die Tage nicht gearbeitet, um das \u00c4ndern sie w\u00e4hrend ihres Urlaubs ersetzt.<\/p>\n<p>Pr\u00e4sident der \u00c4rzte f\u00fcgte hinzu, dass seit Montag der Sektor Pflege in staatlichen Krankenh\u00e4usern normalisieren und best\u00e4tigt, dass sie teilnehmen an der Tagung &#8220;Gipfel&#8221;, die im Juli stattfinden wird.<\/p>\n<p>Romero hinzugef\u00fcgt, dass die Regierung nicht erf\u00fcllt ist, da es den Konflikt beendete, die seiner Ansicht nach Desentra\u00f1ado die Notwendigkeit f\u00fcr eine tiefer gehende Diskussion \u00fcber die Realit\u00e4t der Gesundheit im Land hat.<\/p>\n<p>&#8220;Ich nicht m\u00f6chten (auf), was war, was motiviert die Mobilisierungen und dass Merkmale erworben, ich freue mich und Arbeit zusammen, lieber zur\u00fcckblicken&#8221;, so Romero \u00c4rzte. EFE<\/p>\n","protected":false},"excerpt":{"rendered":"<p>La Paz, 19. Mai (EFE).-der Regierung des bolivianischen Pr\u00e4sidenten Evo Morales, l\u00f6ste heute Streik der \u00c4rzte von Krankenh\u00e4usern in den Zustand, die 53 Tage dauerte, ratifizieren ist ein Dekret, das den Arbeitstag im Bereich von sechs bis acht Stunden steigt, und deren Aufhebung von \u00c4rzten nicht erreicht wurde, wie sie wollten, ausgesetzt. Der Minister, Carlos [&hellip;]<\/p>\n","protected":false},"author":1,"featured_media":0,"comment_status":"close","ping_status":"open","sticky":false,"template":"","format":"standard","meta":{"footnotes":""},"categories":[3],"tags":[44801],"class_list":["post-34524","post","type-post","status-publish","format-standard","hentry","category-allgemeine","tag-vereidigt","et-doesnt-have-format-content","et_post_format-et-post-format-standard"],"_links":{"self":[{"href":"https:\/\/www.best-dentist-dentistry.com\/de\/wp-json\/wp\/v2\/posts\/34524","targetHints":{"allow":["GET"]}}],"collection":[{"href":"https:\/\/www.best-dentist-dentistry.com\/de\/wp-json\/wp\/v2\/posts"}],"about":[{"href":"https:\/\/www.best-dentist-dentistry.com\/de\/wp-json\/wp\/v2\/types\/post"}],"author":[{"embeddable":true,"href":"https:\/\/www.best-dentist-dentistry.com\/de\/wp-json\/wp\/v2\/users\/1"}],"replies":[{"embeddable":true,"href":"https:\/\/www.best-dentist-dentistry.com\/de\/wp-json\/wp\/v2\/comments?post=34524"}],"version-history":[{"count":0,"href":"https:\/\/www.best-dentist-dentistry.com\/de\/wp-json\/wp\/v2\/posts\/34524\/revisions"}],"wp:attachment":[{"href":"https:\/\/www.best-dentist-dentistry.com\/de\/wp-json\/wp\/v2\/media?parent=34524"}],"wp:term":[{"taxonomy":"category","embeddable":true,"href":"https:\/\/www.best-dentist-dentistry.com\/de\/wp-json\/wp\/v2\/categories?post=34524"},{"taxonomy":"post_tag","embeddable":true,"href":"https:\/\/www.best-dentist-dentistry.com\/de\/wp-json\/wp\/v2\/tags?post=34524"}],"curies":[{"name":"wp","href":"https:\/\/api.w.org\/{rel}","templated":true}]}}