{"id":34528,"date":"2013-02-09T02:40:12","date_gmt":"2013-02-09T02:40:12","guid":{"rendered":null},"modified":"-0001-11-30T00:00:00","modified_gmt":"-0001-11-30T00:00:00","slug":"the-medical-union-cesm-of-castilla-la-mancha-calls-physicians-strike-on-may-30","status":"publish","type":"post","link":"https:\/\/www.best-dentist-dentistry.com\/de\/the-medical-union-cesm-of-castilla-la-mancha-calls-physicians-strike-on-may-30\/34528","title":{"rendered":"Die medizinische Union CESM von Castilla   La Mancha Ruft \u00c4rzte Streik am 30"},"content":{"rendered":"<p class=\"first\"> TOLEDO, 20 (EUROPA PRESS)<\/p>\n<p>Medizinische CESM Union von Castilla &#8211; La Mancha hat einen Streik der optionalen am 30, nachdem Sie sichergestellt haben, dass das endg\u00fcltige Dokument verfasst vom <span class=\"yshortcuts\" id=\"lw_1337518042_1\"> Gesundheitsdienst von Castilla &#8211; La Mancha<\/span> (<span class=\"yshortcuts\" id=\"lw_1337518042_0\"> SESCAM<\/span>) namens &#8220;erf\u00fcllt nicht die Erwartungen an die Union.<\/p>\n<p>&#8220;<\/p>\n<p>Seiner Meinung nach diesem Vorschlag bleibt Absichtserkl\u00e4rung, die dem Willen der Verwaltung l\u00e4sst die Umsetzung der Punkte, die die Arbeitnehmerrechte <span class=\"yshortcuts\" id=\"lw_1337518042_5\"> \u00c4rzte<\/span> betroffen von so genannten Ma\u00dfnahmen der Anpassung verringern k\u00f6nnte.<\/p>\n<p>Hat ihn somit gew\u00e4hrleistet der Union Pressemitteilung, wo sie erkl\u00e4ren, dass in der Montage von vor ein paar Wochen beschlossen wurde, die Verhandlungen fortsetzen und Stoppen des Streiks geplant f\u00fcr September 24 nach neue Kontakte mit SESCAM.<\/p>\n<p>Denn es die Union, das Dokument pr\u00e4sentiert von der SESCAM &#8220;unaufmerksam Anspruch gew\u00e4hrleistet behandelt zu werden wie der Rest der Beamte in der Zunahme der Tag; Geben Sie den Prozentsatz der Ersetzungen verlassen es auslegbare Haushaltsm\u00f6glichkeiten nicht; und eine annehmbare L\u00f6sung ist nicht die Vereinbarkeit von Familienleben und erm\u00f6glicht der Genuss der Verordnungen&#8221;.<\/p>\n<p>Dar\u00fcber hinaus der Text &#8220;nicht in einer Weise klare Rechte des \u00c4rzte hinsichtlich der Pausen nach der Wache, die Festlegung des Statuts; entspricht&#8221; Es gibt keine Garantie der Stabilit\u00e4t auf \u00c4rzte betroffen durch die Privatisierung von Krankenh\u00e4usern und medizinischen Bereichen; &#8220;und es gibt eine Anweisung klar, die erworbenen Rechte der medizinischen Offiziere sch\u00fctzen &rsquo;.<\/p>\n<p>Unter andere Kritiken des Dokuments von SESCAM angeboten, CESM hat behauptet, dass &#8220;nicht den gro\u00dfen Verlust der Kaufkraft von bis zu 25 Prozent der einige optionale erkennen, ist nicht gegeben, um zu erreichen, dass \u00c4rzte eine \u00e4hnliche Behandlung f\u00fcr den Rest der Beamten haben und&#8221; unaufmerksam, Verluste von Personal in der Ausbildung zu zahlen ist&#8221;, mit Geh\u00e4lter Mileuristas gelegentlich&#8221;<\/p>\n<p>bedenkt, dass diese Ma\u00dfnahmen auf &#8220;eine klare Abnahme in der Qualit\u00e4t der Pflege, die bereits Patienten beeinflussen ist&#8221; auswirken, die Gewerkschaft forderte schlie\u00dflich dieser Streik f\u00fcr Mittwoch 30 Mai, einen Tag vor dem Tag der Region, um sicherzustellen, dass &#8220;alle M\u00f6glichkeiten der Verhandlung ersch\u00f6pft sind&#8221;. &#8220;Wir glauben, die professionelle w\u00fcrde der \u00c4rzte, die wir diese Ma\u00dfnahme ergreifen muss&#8221;, sie haben gesichert.<\/p>\n<p>&#8220;Wir haben genug zu sagen&#8221;<\/p>\n<p>The Secretary der Kommunikation der Union, Miguel M\u00e9ndez, sicherte sich gesagt Europa Press, die die \u00c4rzte in der Region &#8220;nur sagen musste&#8221; Ma\u00dfnahmen der Regierung, um sicherzustellen, dass &#8220;sie nicht die Schuldigen sind&#8221; der Krise.<\/p>\n<p>Erkl\u00e4rte, die Entscheidung ergangen ist einmal ein Tarifverhandlungen Komitee von sieben Personen von der Gewerkschaft versucht, eine Einigung mit SESCAM, aber empfangene Angebot &#8220;sprach sehr wenig spezifische und wenig konkrete Dinge und hatten keine Substanz&#8221;.<\/p>\n<p>Mendez Scharniere in diesem Teil der Union &#8220;und die Arbeit mehr Bedeutung geschenkt wurde geparkten Verg\u00fctung Probleme&#8221;, aber keine Einigung hatte die &#8220;Pflicht zu antworten,&#8221; weil offensichtlich dies sogar verschlechtern kann.<\/p>\n<p>Gewerkschaftsf\u00fchrer hat auch behauptet, dass &#8220;Sie sehen&#8221; in die allgemeine Haushalte der Region &#8220;gibt es Anzeichen, die wollen mehr \u00c4rzte zu versch\u00e4rfen&#8221;, von was sie wollen &#8220;einen Hauch von Aufmerksamkeit auf Verwaltung geben&#8221;.<\/p>\n<p>Hat verwies auf der anderen Seite gibt es &#8220;eindeutige Anzeichen f\u00fcr die Privatisierung-Reise&#8221;, wie einer dieser Signale &#8220;, die wollen medizinische erpressen um es sein zu lassen&#8221;, da Beamte &#8220;Hindernisse angesichts solcher Privatisierung sind&#8221;.<\/p>\n<p>Auf Mindestleistungen, Mendez hofft, dass &#8220;entsprechen immer den Urlaub&#8221;, da &#8220;es emp\u00f6rend w\u00e4re&#8221;, dass h\u00f6here Mindestleistungen wird durch den Vorstand deklariert.<\/p>\n","protected":false},"excerpt":{"rendered":"<p>TOLEDO, 20 (EUROPA PRESS) Medizinische CESM Union von Castilla &#8211; La Mancha hat einen Streik der optionalen am 30, nachdem Sie sichergestellt haben, dass das endg\u00fcltige Dokument verfasst vom Gesundheitsdienst von Castilla &#8211; La Mancha ( SESCAM) namens &#8220;erf\u00fcllt nicht die Erwartungen an die Union. &#8220; Seiner Meinung nach diesem Vorschlag bleibt Absichtserkl\u00e4rung, die dem [&hellip;]<\/p>\n","protected":false},"author":1,"featured_media":0,"comment_status":"close","ping_status":"open","sticky":false,"template":"","format":"standard","meta":{"footnotes":""},"categories":[3],"tags":[44803],"class_list":["post-34528","post","type-post","status-publish","format-standard","hentry","category-allgemeine","tag-einreise","et-doesnt-have-format-content","et_post_format-et-post-format-standard"],"_links":{"self":[{"href":"https:\/\/www.best-dentist-dentistry.com\/de\/wp-json\/wp\/v2\/posts\/34528","targetHints":{"allow":["GET"]}}],"collection":[{"href":"https:\/\/www.best-dentist-dentistry.com\/de\/wp-json\/wp\/v2\/posts"}],"about":[{"href":"https:\/\/www.best-dentist-dentistry.com\/de\/wp-json\/wp\/v2\/types\/post"}],"author":[{"embeddable":true,"href":"https:\/\/www.best-dentist-dentistry.com\/de\/wp-json\/wp\/v2\/users\/1"}],"replies":[{"embeddable":true,"href":"https:\/\/www.best-dentist-dentistry.com\/de\/wp-json\/wp\/v2\/comments?post=34528"}],"version-history":[{"count":0,"href":"https:\/\/www.best-dentist-dentistry.com\/de\/wp-json\/wp\/v2\/posts\/34528\/revisions"}],"wp:attachment":[{"href":"https:\/\/www.best-dentist-dentistry.com\/de\/wp-json\/wp\/v2\/media?parent=34528"}],"wp:term":[{"taxonomy":"category","embeddable":true,"href":"https:\/\/www.best-dentist-dentistry.com\/de\/wp-json\/wp\/v2\/categories?post=34528"},{"taxonomy":"post_tag","embeddable":true,"href":"https:\/\/www.best-dentist-dentistry.com\/de\/wp-json\/wp\/v2\/tags?post=34528"}],"curies":[{"name":"wp","href":"https:\/\/api.w.org\/{rel}","templated":true}]}}