{"id":34578,"date":"2013-02-10T05:29:11","date_gmt":"2013-02-10T05:29:11","guid":{"rendered":null},"modified":"-0001-11-30T00:00:00","modified_gmt":"-0001-11-30T00:00:00","slug":"the-commitment-of-institutions-and-the-reeducation-of-society-in-eating-habits-key-factors-for-a-healthy-society","status":"publish","type":"post","link":"https:\/\/www.best-dentist-dentistry.com\/de\/the-commitment-of-institutions-and-the-reeducation-of-society-in-eating-habits-key-factors-for-a-healthy-society\/34578","title":{"rendered":"Das Engagement der Institutionen und die Umerziehung der Gesellschaft Essgewohnheiten Schl\u00fcsselfaktoren f\u00fcr eine gesunde Gesellschaft"},"content":{"rendered":"<p><font size=\"2\"> <strong><br \/> Institutionen und Umerziehung des Essens Gewohnheiten Schl\u00fcsselfaktoren f\u00fcr eine gesunde Gesellschaft Gesellschaft verpflichten.<\/strong> <br \/><\/font><font size=\"2\"> <br \/> <strong>Schlussfolgerungen Tag Gesundheit und Ern\u00e4hrung. <\/p>\n<p><\/strong> <br \/><strong><\/strong> <font size=\"2\">-360 \u00b0 Gesundheit bei ihrem ersten Treffen hat hat die Frage von Lebensmitteln aus Sicht der wissenschaftlichen und gesellschaftlichen <\/p>\n<p> <strong>Spanien, Februar 2013.-<\/strong> des Tages &#8220;was wir essen?. Gesundheit und Ern\u00e4hrung ist &#8220;wurde er\u00f6ffnet von Dr. Fernando Brand\u00e9s, Akademischer Direktor der Fundaci\u00f3n Tejerina, Gastgeber des Treffens, und Frau Marta Iranzo, Berater der Kommunikation und Direktor des Tages. <\/p>\n<p>In der ersten Bedeutung Runden Tisch der ausgewogenen Ern\u00e4hrung, als grundlegende Basis f\u00fcr Gesundheit. <\/p>\n<p>Dr. Basilio Moreno, Chief Klinische Endokrinologie und Ern\u00e4hrung von Gregorio Mara\u00f1\u00f3n Krankenhaus, hat die Leistung der Naos-Strategie zur Pr\u00e4vention von Adipositas entwickelt. In diesem Sinne hat es die Bedeutung der Zusammenarbeit aller Beteiligten und die Notwendigkeit f\u00fcr \u00f6ffentliche Investitionen in Aufkl\u00e4rungskampagnen hervorgehoben. In der Zwischenzeit Dr. Samara Palm Meile der Einheit der klinische Ern\u00e4hrung und Di\u00e4tetik des Universit\u00e4tsklinikums La Paz hat auf das Problem der Fettleibigkeit als eine entz\u00fcndliche Erkrankung und die Probleme, die damit verbundenen beeinflusst. Dr. Palm hat hervorgehoben, dass die Eignung des Mittelmeers als Beispiel f\u00fcr eine ausgewogene Ern\u00e4hrung. <\/p>\n<p>Aus der Sicht der Kommunikation, bei der zweiten Runden Tisch diskutiert wurde zur Angemessenheit der kommunikativen Botschaften von Industrie macht. David Mart\u00ednez Roig, Psychologin, spezialisiert auf Konsumentenverhalten, sagte, dass viele Lebensmittelunternehmen, die auf eine gesunde Produkte setzen m\u00f6chten ohne Verordnung entmutigt sind und der Verlust der Wettbewerbsf\u00e4higkeit. <\/p>\n<p><\/font> <\/p>\n<p align=\"center\"> <font size=\"2\"> <img loading=\"lazy\" decoding=\"async\" title=\"\" alt=\"\" src=\"http:\/\/www.noticiasmedicas.es\/medicina\/content_images\/275\/2013_02\/306.jpg\" align=\"bottom\" border=\"0\" height=\"253\" width=\"450\"\/><\/font><\/p>\n<p> <font size=\"2\"> Laurence Lemoine, Journalist, spezialisiert auf Ern\u00e4hrung und Gesundheit, teilte den franz\u00f6sischen Fall, gef\u00f6rdert von der Regierung im Kampf gegen die Fettleibigkeit. Lemoine hat betonte die Notwendigkeit f\u00fcr eine kraftvolle Energie-Gesetzgebung.<\/font><font size=\"2\"> <\/p>\n<p> 360 \u00b0-Gesundheits-Vortrag-Serie ist ein Diskussionsforum, das soll ein Treffpunkt sein hat wo Forscher, die Angeh\u00f6rigen der Gesundheitsberufe, Verschreiber und Marken in gemeinsamen Aspekte von Gesundheit zugunsten einer gesunden Gesellschaft und gl\u00fccklich. 360 \u00b0-Gesundheit ist ein Zyklus von 6 monothematische Seminare, wo die Bed\u00fcrfnisse der Menschen f\u00fcr ein gesundes Leben aus Sicht der globalen 360 angesprochen werden Grad. Psychologie und Gesundheit, Physik und Gesundheit, Kindheit und Gesundheit, M\u00e4nner und Frauen und Gesundheit und \u00e4lter und Gesundheit sind Themen, die voraussichtlich in den kommenden Monaten zu richten. <\/p>\n<p><\/font> <br \/><\/font><\/p>\n","protected":false},"excerpt":{"rendered":"<p>Institutionen und Umerziehung des Essens Gewohnheiten Schl\u00fcsselfaktoren f\u00fcr eine gesunde Gesellschaft Gesellschaft verpflichten. Schlussfolgerungen Tag Gesundheit und Ern\u00e4hrung. -360 \u00b0 Gesundheit bei ihrem ersten Treffen hat hat die Frage von Lebensmitteln aus Sicht der wissenschaftlichen und gesellschaftlichen Spanien, Februar 2013.- des Tages &#8220;was wir essen?. Gesundheit und Ern\u00e4hrung ist &#8220;wurde er\u00f6ffnet von Dr. Fernando Brand\u00e9s, [&hellip;]<\/p>\n","protected":false},"author":1,"featured_media":0,"comment_status":"close","ping_status":"open","sticky":false,"template":"","format":"standard","meta":{"footnotes":""},"categories":[3],"tags":[44841,44842],"class_list":["post-34578","post","type-post","status-publish","format-standard","hentry","category-allgemeine","tag-geschrieben","tag-umerziehung","et-doesnt-have-format-content","et_post_format-et-post-format-standard"],"_links":{"self":[{"href":"https:\/\/www.best-dentist-dentistry.com\/de\/wp-json\/wp\/v2\/posts\/34578","targetHints":{"allow":["GET"]}}],"collection":[{"href":"https:\/\/www.best-dentist-dentistry.com\/de\/wp-json\/wp\/v2\/posts"}],"about":[{"href":"https:\/\/www.best-dentist-dentistry.com\/de\/wp-json\/wp\/v2\/types\/post"}],"author":[{"embeddable":true,"href":"https:\/\/www.best-dentist-dentistry.com\/de\/wp-json\/wp\/v2\/users\/1"}],"replies":[{"embeddable":true,"href":"https:\/\/www.best-dentist-dentistry.com\/de\/wp-json\/wp\/v2\/comments?post=34578"}],"version-history":[{"count":0,"href":"https:\/\/www.best-dentist-dentistry.com\/de\/wp-json\/wp\/v2\/posts\/34578\/revisions"}],"wp:attachment":[{"href":"https:\/\/www.best-dentist-dentistry.com\/de\/wp-json\/wp\/v2\/media?parent=34578"}],"wp:term":[{"taxonomy":"category","embeddable":true,"href":"https:\/\/www.best-dentist-dentistry.com\/de\/wp-json\/wp\/v2\/categories?post=34578"},{"taxonomy":"post_tag","embeddable":true,"href":"https:\/\/www.best-dentist-dentistry.com\/de\/wp-json\/wp\/v2\/tags?post=34578"}],"curies":[{"name":"wp","href":"https:\/\/api.w.org\/{rel}","templated":true}]}}