{"id":34581,"date":"2013-02-10T05:29:26","date_gmt":"2013-02-10T05:29:26","guid":{"rendered":null},"modified":"-0001-11-30T00:00:00","modified_gmt":"-0001-11-30T00:00:00","slug":"the-foundations-for-an-agreement-framework-to-carry-out-the-reform-of-the-nhs","status":"publish","type":"post","link":"https:\/\/www.best-dentist-dentistry.com\/de\/the-foundations-for-an-agreement-framework-to-carry-out-the-reform-of-the-nhs\/34581","title":{"rendered":"Die Grundlagen f\u00fcr eine Vereinbarung Rahmen der Reform des NHS durchzuf\u00fchren."},"content":{"rendered":"<p><strong>Die Grundlagen f\u00fcr eine Vereinbarung-Rahmen zur Durchf\u00fchrung der Reform des NHS. <\/p>\n<p><font size=\"2\"> Ana Mato trifft sich mit dem Forum der \u00c4rzteschaft.<\/strong><font size=\"2\"> <\/p>\n<p> <strong>Spanien, Februar 2013.-<\/strong> des Ministers f\u00fcr Gesundheit, soziale Dienste und Geschlechter, Ana Mato, traf sich mit dem Forum des \u00e4rztlichen Berufes (FPME), die integriert sind und alle Agents im medizinischen Sektor vertreten: Hochschulen der \u00c4rzte, Gewerkschaften, wissenschaftlichen Gesellschaften und GeneralratUniversit\u00e4ten und Medizinstudenten. <\/p>\n<p>Der College medizinische Organisation (WTO), der Verband der Cientifico-Medicas spanischen Vereine (FACME), der nationalen Konf\u00f6deration der \u00c4rzte-Gewerkschaften (CESM), National Council of Spezialit\u00e4ten in Health Sciences (CNECS), die nationale Konferenz der Dekane der Fakult\u00e4ten der Medizin (CNDFM) und des Staatsrates von Studenten der Medizin (CEEM)Sie sind Mitglieder dieses Forums, die als Benchmark globale Adressierung alles mit Bezug zu Gesundheit im Allgemeinen, des \u00f6ffentlichen Gesundheitswesens und die kollektive Gesundheit im Jahr 2010 gegr\u00fcndet wurde. <\/p>\n<p>Bei dem Treffen mit dem Minister f\u00fcr Gesundheit, soziale Dienste und Gleichheit teilnahm, vom Forum der \u00c4rzteschaft, Juan Jos\u00e9 Rodr\u00edguez Send\u00edn, Pr\u00e4sident der WTO; Jose Manuel niedrige Arenas, Pr\u00e4sident des FACME; Francisco Miralles, Generalsekret\u00e4r der CESM; Alfonso Moreno, Pr\u00e4sident der CNECS; Ricardo Rigual, der die CNDFM und Enrique L\u00e1zaro, CEEM. <\/p>\n<p align=\"center\"> <img loading=\"lazy\" decoding=\"async\" title=\"\" height=\"300\" alt=\"\" src=\"http:\/\/www.noticiasmedicas.es\/medicina\/content_images\/275\/2013_02\/310.jpg\" width=\"450\" align=\"baseline\" border=\"0\"\/> <\/p>\n<p> <em>Bild der Tagung.<\/em><\/p>\n<p>Nahmen durch das Ministerium f\u00fcr Gesundheit, soziale Dienste und Gleichheit sowie Ana Mato Generalsekret\u00e4r der Gesundheit, Pilar Farjas. <\/p>\n<p>In der Sitzung hat sich die aktuelle Situation des nationalen Gesundheitssystems (SNS) und Vertreter der \u00c4rzteschaft Forum haben mehrere Vorschl\u00e4ge, die die Nachhaltigkeit des Systems voraus skizziert. <\/p>\n<p>Die Disposition der Partnerschaft von beiden Seiten und die Notwendigkeit der Partnerschaftsabkommen zwischen der Zentraladministration und Profis zu entwerfen und \u00c4nderungen durchzuf\u00fchren, dass die NHS zur Nachhaltigkeit gepr\u00e4gt haben muss, dieses Treffen, das erste, das h\u00e4lt der Minister Ana Mato mit diesem Forum, da es in das Portfolio der Gesundheit vereinbart gezeigt macht wenig mehr als einem Jahroder <\/p>\n<p> das Abkommen basiert auf die Einrichtung von drei Arbeitsgruppen: eine auf den politischen Pakt f\u00fcr Gesundheit, ein weiteres Humanressourcen zu \u00fcberpr\u00fcfen und sortieren das Arbeitsverh\u00e4ltnis der Arzt und ein Drittel auf Klinikmanagement. <\/p>\n<p>Organisationen im Forum der Medizin werden dieser Vorschlag f\u00fcr eine Entscheidung n\u00e4chste Woche untersuchen. <\/p>\n<p>Minister Ana Mato hat seinerseits seine Bereitschaft zum Dialog und die Zusammenarbeit zu \u00f6ffnen und befindet sich das Forum der \u00c4rzteschaft f\u00fcr eine anstehende Besprechung um diesem Abkommen zu schlie\u00dfen. <\/p>\n<p><\/font><\/font><\/p>\n","protected":false},"excerpt":{"rendered":"<p>Die Grundlagen f\u00fcr eine Vereinbarung-Rahmen zur Durchf\u00fchrung der Reform des NHS. Ana Mato trifft sich mit dem Forum der \u00c4rzteschaft. Spanien, Februar 2013.- des Ministers f\u00fcr Gesundheit, soziale Dienste und Geschlechter, Ana Mato, traf sich mit dem Forum des \u00e4rztlichen Berufes (FPME), die integriert sind und alle Agents im medizinischen Sektor vertreten: Hochschulen der \u00c4rzte, [&hellip;]<\/p>\n","protected":false},"author":1,"featured_media":0,"comment_status":"close","ping_status":"open","sticky":false,"template":"","format":"standard","meta":{"footnotes":""},"categories":[3],"tags":[44848,44849,44847,44845,44846],"class_list":["post-34581","post","type-post","status-publish","format-standard","hentry","category-allgemeine","tag-brana","tag-rzteschaft","tag-durchzufhren","tag-friedensforschung","tag-vereinbarung-rahmen","et-doesnt-have-format-content","et_post_format-et-post-format-standard"],"_links":{"self":[{"href":"https:\/\/www.best-dentist-dentistry.com\/de\/wp-json\/wp\/v2\/posts\/34581","targetHints":{"allow":["GET"]}}],"collection":[{"href":"https:\/\/www.best-dentist-dentistry.com\/de\/wp-json\/wp\/v2\/posts"}],"about":[{"href":"https:\/\/www.best-dentist-dentistry.com\/de\/wp-json\/wp\/v2\/types\/post"}],"author":[{"embeddable":true,"href":"https:\/\/www.best-dentist-dentistry.com\/de\/wp-json\/wp\/v2\/users\/1"}],"replies":[{"embeddable":true,"href":"https:\/\/www.best-dentist-dentistry.com\/de\/wp-json\/wp\/v2\/comments?post=34581"}],"version-history":[{"count":0,"href":"https:\/\/www.best-dentist-dentistry.com\/de\/wp-json\/wp\/v2\/posts\/34581\/revisions"}],"wp:attachment":[{"href":"https:\/\/www.best-dentist-dentistry.com\/de\/wp-json\/wp\/v2\/media?parent=34581"}],"wp:term":[{"taxonomy":"category","embeddable":true,"href":"https:\/\/www.best-dentist-dentistry.com\/de\/wp-json\/wp\/v2\/categories?post=34581"},{"taxonomy":"post_tag","embeddable":true,"href":"https:\/\/www.best-dentist-dentistry.com\/de\/wp-json\/wp\/v2\/tags?post=34581"}],"curies":[{"name":"wp","href":"https:\/\/api.w.org\/{rel}","templated":true}]}}