{"id":34611,"date":"2013-02-13T02:26:10","date_gmt":"2013-02-13T02:26:10","guid":{"rendered":null},"modified":"-0001-11-30T00:00:00","modified_gmt":"-0001-11-30T00:00:00","slug":"interior-of-catalonia-personara-against-the-violent-and-open-file","status":"publish","type":"post","link":"https:\/\/www.best-dentist-dentistry.com\/de\/interior-of-catalonia-personara-against-the-violent-and-open-file\/34611","title":{"rendered":"Innere des Catalonia Personar\u00e1 gegen die gewaltsame und offene Datei"},"content":{"rendered":"<p class=\"first\"> <span class=\"yshortcuts\" id=\"lw_1333467784_0\"> Barcelona<\/span>, 3 <span class=\"yshortcuts\" id=\"lw_1333467784_1\"> APR<\/span> (<span class=\"yshortcuts\" id=\"lw_1333467784_2\"> EFE<\/span>).-der Innenminister, <span class=\"yshortcuts\" id=\"lw_1333467784_3\"> Felip<\/span> <span class=\"yshortcuts\" id=\"lw_1333467784_4\"> Puig<\/span>, gab heute bekannt, dass seine Abteilung Personar\u00e1 als eine <span class=\"yshortcuts\" id=\"lw_1333467784_5\"> Privatklage<\/span> gegen die H\u00e4ftlinge durch die Unruhen der 29 M in Barcelona ist und, gleichzeitig, sie ihnen einen Disziplinarverfahren Datensatz ge\u00f6ffnet haben, auf Kosten der Gerichte gel\u00e4hmt ist.<\/p>\n<p>Pressekonferenz, Puig hat angek\u00fcndigt, in ihrem Kampf gegen mit ruhiger Hand rufen Sie, dass &#8220;urban Guerillas&#8221;, seiner Abteilung beschlossen hat, erscheinen als \u00fcbler in Gerichtsverfahren gegen die fast achtzig verhaftet, St\u00f6rungen der 29 M. er\u00f6ffnet<\/p>\n<p>Im justiziellen Bereich, entsprechend Puig, Interieur ist mit der Anklage zu versuchen, die Gefangenen zu bitten, die m\u00f6gliche H\u00f6chststrafe ausgerichtet.<\/p>\n<p>Zur gleichen Zeit, der Minister hat ergeben, dass Innenraum bereits einen Disziplinarverfahren Datensatz 94 Menschen durch die Ereignisse des Tages der Generalstreik, ge\u00f6ffnet hat zwar der Datensatz zu warten um zu sehen, wie die gerichtlichen Verfahren entwickelt fixiert wurde.<\/p>\n<p>Wenn die gerichtlichen Verfahren fertigen Archivierung, nach Puig, innen dann Lebenslauf administrative Mittel die Beklagten durch die Verw\u00fcstungen verursachte im \u00f6ffentlichen und privaten, zu bestrafen, die noch zu quantifizieren sind.<\/p>\n<p>Menschen, die eine administrative Datei \u00f6ffnen geh\u00f6ren Promotoren der alternative Manifestation der CNT und der CGT, Gewerkschaften, so die Ministerin.<\/p>\n","protected":false},"excerpt":{"rendered":"<p>Barcelona, 3 APR ( EFE).-der Innenminister, Felip Puig, gab heute bekannt, dass seine Abteilung Personar\u00e1 als eine Privatklage gegen die H\u00e4ftlinge durch die Unruhen der 29 M in Barcelona ist und, gleichzeitig, sie ihnen einen Disziplinarverfahren Datensatz ge\u00f6ffnet haben, auf Kosten der Gerichte gel\u00e4hmt ist. Pressekonferenz, Puig hat angek\u00fcndigt, in ihrem Kampf gegen mit ruhiger [&hellip;]<\/p>\n","protected":false},"author":1,"featured_media":0,"comment_status":"close","ping_status":"open","sticky":false,"template":"","format":"standard","meta":{"footnotes":""},"categories":[3],"tags":[44863],"class_list":["post-34611","post","type-post","status-publish","format-standard","hentry","category-allgemeine","tag-studio-minimal-invasive-doppelpunkt","et-doesnt-have-format-content","et_post_format-et-post-format-standard"],"_links":{"self":[{"href":"https:\/\/www.best-dentist-dentistry.com\/de\/wp-json\/wp\/v2\/posts\/34611","targetHints":{"allow":["GET"]}}],"collection":[{"href":"https:\/\/www.best-dentist-dentistry.com\/de\/wp-json\/wp\/v2\/posts"}],"about":[{"href":"https:\/\/www.best-dentist-dentistry.com\/de\/wp-json\/wp\/v2\/types\/post"}],"author":[{"embeddable":true,"href":"https:\/\/www.best-dentist-dentistry.com\/de\/wp-json\/wp\/v2\/users\/1"}],"replies":[{"embeddable":true,"href":"https:\/\/www.best-dentist-dentistry.com\/de\/wp-json\/wp\/v2\/comments?post=34611"}],"version-history":[{"count":0,"href":"https:\/\/www.best-dentist-dentistry.com\/de\/wp-json\/wp\/v2\/posts\/34611\/revisions"}],"wp:attachment":[{"href":"https:\/\/www.best-dentist-dentistry.com\/de\/wp-json\/wp\/v2\/media?parent=34611"}],"wp:term":[{"taxonomy":"category","embeddable":true,"href":"https:\/\/www.best-dentist-dentistry.com\/de\/wp-json\/wp\/v2\/categories?post=34611"},{"taxonomy":"post_tag","embeddable":true,"href":"https:\/\/www.best-dentist-dentistry.com\/de\/wp-json\/wp\/v2\/tags?post=34611"}],"curies":[{"name":"wp","href":"https:\/\/api.w.org\/{rel}","templated":true}]}}