{"id":3464,"date":"2012-02-13T14:16:09","date_gmt":"2012-02-13T14:16:09","guid":{"rendered":null},"modified":"-0001-11-30T00:00:00","modified_gmt":"-0001-11-30T00:00:00","slug":"the-mayor-of-bogota-in-quito-signed-an-agreement-of-cooperation-on-disability","status":"publish","type":"post","link":"https:\/\/www.best-dentist-dentistry.com\/de\/the-mayor-of-bogota-in-quito-signed-an-agreement-of-cooperation-on-disability\/3464","title":{"rendered":"Der B\u00fcrgermeister von Bogot\u00e1 in Quito Vereinbarung eine der Zusammenarbeit zum Thema Behinderung"},"content":{"rendered":"<p class=\"first\"> Quito, 13 feb (EFE).-der B\u00fcrgermeister von Bogot\u00e1, Gustavo Petro, heute unterzeichnet ein Kooperationsabkommen \u00fcber Behinderung mit der Vice Pr\u00e4sident von Ecuador, die drei Teams von Experten, um die Stadt zum Bericht \u00fcber das Programm &#8220;Manuela Espejo&#8221;, die Tausende von Menschen in diesem Land geholfen hat zusenden.<\/p>\n<p>Zeremonie des Abonnements, der Generalsekret\u00e4r der Vize-Pr\u00e4sident von Ecuador, Armando Hunt, sagte, dass eine Studie \u00fcber das Programm &#8220;Manuela Espejo&#8221; wurde dank 294.000 Menschen mit Behinderungen in Ecuador und entwickelten Politik Unterst\u00fctzung festgestellt.<\/p>\n<p>Petro bedauert, dass viel von den St\u00e4dten werden nicht gebildet, um Platz f\u00fcr Menschen mit Behinderungen und wurden eher Menschen mit einem Mangel die Anf\u00fcgen an die St\u00e4dte hatten.<\/p>\n<p>Daher sagen, dass es eine &#8220;menschliche Bogota&#8221; Haus deaktiviert Menschen machen, die er sagte will, sind &#8220;Themen der Rechte&#8221;, unter ihnen Gesundheit.<\/p>\n<p>Eine M\u00f6glichkeit, sich von reden zu \u00fcben, sagte der B\u00fcrgermeister, spiegelt sich in der Unterzeichnung der Vereinbarungen, wie die gezeichneten heute in der Mitte des Integral Aufmerksamkeit Manuela Espejo (Caime).<\/p>\n<p>Die drei Brigaden, die nach Bogot\u00e1 kommen zu \u00fcbertragen, wissen und Erfahrungen \u00fcber Behinderungen in Ecuador, Projekte der Pr\u00e4vention, Behandlung und Rehabilitation von Menschen mit Behinderungen umzusetzen.<\/p>\n<p>Im August 2011, Vice President Ecuador Kolumbien Len\u00edn Moreno und Angelino Garz\u00f3n, bzw. wurde der Prozess mit der Unterzeichnung eines ersten Abkommens Programms durchgef\u00fchrt in Ecuador seit 2009 in Kolumbien replizieren.<\/p>\n<p>Da Ecuador lieferte bereits 300.000 technische Hilfsmittel f\u00fcr Menschen mit Behinderungen, sagte Hunt.<\/p>\n<p>Hat auch das Programm &#8220;Joaqu\u00edn Gallegos Lara&#8221; f\u00fcr 15.000 Menschen mit schweren physischen oder geistigen Behinderungen, die Pflege, neben einen Bonus von $ 240 pro Monat an die Person, die das Opfer k\u00fcmmert entwickelt.<\/p>\n<p>Wird das Projekt von Moreno, getrieben, die vor mehr als einem Jahrzehnt ist im Rollstuhl nach, in einer Runde erschossen.<\/p>\n<p>\u00dcber die Unterzeichnung des \u00dcbereinkommens, berichtete \u00fcber die Mission &#8220;Manuela Espejo&#8221; Kandidaten f\u00fcr Miss Ecuador 2012, diejenigen, die Conmovidas durch die \u00fcbertragenen Bilder von Kindern mit Behinderungen in einem Video \u00fcber die Arbeit der Experten, die das Land auf der Suche nach bereiste Menschen mit Behinderungen.<\/p>\n<p>Der Direktor des Club Ichthyose, Valeska Saab, Exmiss Welt Ecuador 2007, nahmen Frauen Kandidaten besuchen Sie dank die Unterst\u00fctzung durch die Vizepr\u00e4sidentschaft drei\u00dfig Menschen betroffen von der Krankheit, vor allem in den K\u00fcstenregionen Provinz Manabi liegt angek\u00fcndigt.<\/p>\n<p>Der B\u00fcrgermeister von Bogot\u00e1, Gustavo Petro, bedauert, dass viel von den St\u00e4dten werden nicht gebildet, um Platz f\u00fcr Menschen mit Behinderungen und wurden eher Menschen mit einem Mangel die Anf\u00fcgen an die St\u00e4dte hatten. EFE\/Datei<\/p>\n","protected":false},"excerpt":{"rendered":"<p>Quito, 13 feb (EFE).-der B\u00fcrgermeister von Bogot\u00e1, Gustavo Petro, heute unterzeichnet ein Kooperationsabkommen \u00fcber Behinderung mit der Vice Pr\u00e4sident von Ecuador, die drei Teams von Experten, um die Stadt zum Bericht \u00fcber das Programm &#8220;Manuela Espejo&#8221;, die Tausende von Menschen in diesem Land geholfen hat zusenden. Zeremonie des Abonnements, der Generalsekret\u00e4r der Vize-Pr\u00e4sident von Ecuador, [&hellip;]<\/p>\n","protected":false},"author":1,"featured_media":0,"comment_status":"close","ping_status":"open","sticky":false,"template":"","format":"standard","meta":{"footnotes":""},"categories":[3],"tags":[11614,11615,11616],"class_list":["post-3464","post","type-post","status-publish","format-standard","hentry","category-allgemeine","tag-asphyxie","tag-bogot","tag-quito","et-doesnt-have-format-content","et_post_format-et-post-format-standard"],"_links":{"self":[{"href":"https:\/\/www.best-dentist-dentistry.com\/de\/wp-json\/wp\/v2\/posts\/3464","targetHints":{"allow":["GET"]}}],"collection":[{"href":"https:\/\/www.best-dentist-dentistry.com\/de\/wp-json\/wp\/v2\/posts"}],"about":[{"href":"https:\/\/www.best-dentist-dentistry.com\/de\/wp-json\/wp\/v2\/types\/post"}],"author":[{"embeddable":true,"href":"https:\/\/www.best-dentist-dentistry.com\/de\/wp-json\/wp\/v2\/users\/1"}],"replies":[{"embeddable":true,"href":"https:\/\/www.best-dentist-dentistry.com\/de\/wp-json\/wp\/v2\/comments?post=3464"}],"version-history":[{"count":0,"href":"https:\/\/www.best-dentist-dentistry.com\/de\/wp-json\/wp\/v2\/posts\/3464\/revisions"}],"wp:attachment":[{"href":"https:\/\/www.best-dentist-dentistry.com\/de\/wp-json\/wp\/v2\/media?parent=3464"}],"wp:term":[{"taxonomy":"category","embeddable":true,"href":"https:\/\/www.best-dentist-dentistry.com\/de\/wp-json\/wp\/v2\/categories?post=3464"},{"taxonomy":"post_tag","embeddable":true,"href":"https:\/\/www.best-dentist-dentistry.com\/de\/wp-json\/wp\/v2\/tags?post=3464"}],"curies":[{"name":"wp","href":"https:\/\/api.w.org\/{rel}","templated":true}]}}