{"id":34664,"date":"2013-02-13T02:30:00","date_gmt":"2013-02-13T02:30:00","guid":{"rendered":null},"modified":"-0001-11-30T00:00:00","modified_gmt":"-0001-11-30T00:00:00","slug":"the-educational-and-health-sectors-bewildered-before-the-announced-adjustments","status":"publish","type":"post","link":"https:\/\/www.best-dentist-dentistry.com\/de\/the-educational-and-health-sectors-bewildered-before-the-announced-adjustments\/34664","title":{"rendered":"Fassungslos vor der angek\u00fcndigten Anpassungen den Bereichen Bildung und Gesundheit"},"content":{"rendered":"<p class=\"first\"> Madrid, 9 APR (EFE).-Vertreter des Sektors Gesundheit und Bildung haben heute kritisiert, die Unklarheit und Unsicherheit, die die Einstellungen von der Regierung in diesen Sektoren zu generieren und \u00e4u\u00dferten ihre Ratlosigkeit \u00fcber die Ank\u00fcndigung des Speicherns von 10 Milliarden in Bildung und Gesundheit.<\/p>\n<p>Consultadas von Efe, mehrere medizinische Organisationen und Patienten, sie haben darauf hingewiesen, dass das Gesundheitssystem braucht Reformen, die Nachhaltigkeit zu gew\u00e4hrleisten und in einem Pakt Zustand \u00fcbersetzt, aber sie warnen davor, dass es nicht um jeden Preis sein kann.<\/p>\n<p>Der Minister f\u00fcr Wirtschaft, Luis de Guindos, sagte wird optimieren und koordinieren, Gesundheit und Bildung mit den autonomen Gemeinschaften, Ma\u00dfnahmen zur Beseitigung von Redundanzen und dass sie aufrechterhalten werden.<\/p>\n<p>Obwohl die Regierung die Einrichtung des Gesundheitswesens Selbstbeteiligung zur Korrektur des Defizits nicht vorsieht, hat De Guindos qualifiziert, studieren ja die M\u00f6glichkeit einer progressiven Zahlung nach dem Einkommen, dieses Problem, dass die PP eine &#8220;pers\u00f6nliche Reflexion&#8221; des Ministers angesehen hat.<\/p>\n<p>Stunden sp\u00e4ter, die Regierung hat angek\u00fcndigt, nach einem Treffen des gesch\u00e4ftsf\u00fchrenden Direktors, Mariano Rajoy, mit mehreren Ministern in La Moncloa, die Einsparungen von mehr als 10 Milliarden \u20ac im Gesundheits- und Bildungswesen, mit eine gr\u00f6\u00dfere Rationalisierung der Ausgaben, Beseitigung von Doppelarbeit und verbessert die Effizienz in der Verwaltung.<\/p>\n<p>Nach dieser Ank\u00fcndigung hat der Pr\u00e4sident der Organisation Medical College, Jos\u00e9 Rodr\u00edguez Send\u00edn, bedauert, dass diese K\u00fcrzungen nicht materialisieren und &#8220;\u00fcberrascht&#8221;, dass von einem Tag zum anderen, die Regierung in H\u00f6he von 10 Milliarden Euro in diesen Bereichen Anpassungen geplant wurde.<\/p>\n<p>Anweisungen, EFE, Sendin, sagte: &#8220;Ich m\u00f6chte wissen, die Wahrheit, mit klaren Schattierungen;&#8221; und obwohl es in die Notwendigkeit, Ma\u00dfnahmen zu enthalten Ausgaben zusammenf\u00e4llt, hat beklagt die &#8220;Unsicherheit&#8221;, die diese Art von anzeigen in B\u00fcrger, generieren die es glaubt, sind &#8220;auf Repr\u00e4sentationslegende&#8221;.<\/p>\n<p>&#8220;Jeden Tag eine neue News&#8221;, sagte der Vorsitzende der WTO hat die Regierung aufgefordert, zu erkl\u00e4ren, wo sie Trimmen werden oder welche Ma\u00dfnahmen getroffen werden, um diese Einsparungen zu erreichen.<\/p>\n<p>Auch zitiert Ank\u00fcndigung und hat daf\u00fcr gesorgt, dass sie nicht wei\u00df, was zu erwarten ist der Pr\u00e4sident des spanischen Bundes der Vereinigungen von Eltern und M\u00fctter von Sch\u00fclern (CEAPA), Jes\u00fas S\u00e1nchez, hat schon &#8220;verwirrt&#8221;.<\/p>\n<p>&#8220;Zeigen uns bereits gegen K\u00fcrzungen angek\u00fcndigt, bevor Letzteres, aber dar\u00fcber hinaus ist es, dass jetzt wir nicht wissen, wohin sie gehen, um diese neuen Einstellungen zu \u00fcbernehmen. In jedem Fall, wir nehmen sie nicht praktikabel&#8221;, sagte EfE.<\/p>\n<p>In demselben Sinne, der Generalsekret\u00e4r des Verbands der Lehre des CC.OO, Jos\u00e9 Campos, beschrieb die Einstellung &#8220;Brutalit\u00e4t und Grausamkeit&#8221;.<\/p>\n<p>Der Minister f\u00fcr Bildung, entsprechend Feldern, sollten Interessengruppen zu erkl\u00e4ren, Pl\u00e4ne, die f\u00fcr die Bildung und hat vorausgesagt, dass \u00f6ffentliche Bildung der heidnischen K\u00fcrzungen wird zusammenbringen.<\/p>\n<p>Der Ank\u00fcndigungen der Regierung hatten sich beschwert, bevor man wei\u00df, die H\u00f6he der Anpassungen, der Generalsekret\u00e4r des nationalen Bund der Gewerkschaften (CESM) und Sprecher des Forums der \u00c4rzteschaft, Patricio Mart\u00ednez, wer beklagt, dass &#8220;wir nicht wissen, wohin es geht, dass Reformen&#8221;.<\/p>\n<p>Laut Arzt Mart\u00ednez, die Selbstbeteiligung w\u00fcrde nicht ausreichen, um ausreichende Mittel zu erreichen, und w\u00e4re daher &rsquo;eine Alternative Ma\u00dfnahme nach vielen anderen, darunter eine Facelift klar machen und in der Tiefe das b\u00fcrokratische und administrative System der autonomen Gemeinschaften&rsquo;.<\/p>\n<p>. Der Sprecher des Verbandes der Vereine f\u00fcr die Verteidigung der \u00f6ffentlichen Gesundheit (FADSP), Marciano Sanchez, hat sichergestellt, dass Gesundheit Bedarf angemessene Finanzierung, die stammen aus Steuern und, dass wir &#8220;absurde Verschwendung&#8221; verzichten m\u00fcssen.<\/p>\n<p>Zur Verbesserung der Effizienz zielt darauf ab, pharmazeutische Ausgaben zu reduzieren, vermeiden die \u00dcbernutzung der Technologie und der so genannten Public Private Partnership, drei Ma\u00dfnahmen, die er erkl\u00e4rte, ein Ende gesetzt w\u00fcrde bedeuten, eine Einsparung von zwischen 7.000 und 8.000 Millionen Euro j\u00e4hrlich.<\/p>\n<p>Im Namen der Benutzer, Alejandro Toledo, Pr\u00e4sident der allgemeinen Patienten Alliance, hat beklagt, dass &#8220;jeden Tag aufwachen mit einer neuen Geschichte, die \u00fcberrascht&#8221; und demonstrieren ihre Bereitschaft zur Zusammenarbeit in die Nachhaltigkeit des Systems, &#8220;aber nicht um jeden Preis&#8221;.<\/p>\n<p>Unter der Schulgemeinschaft, sagte der Pr\u00e4sident der Lehre von den Beamten Union CSI-F, Eliseo Moreno, eine &#8220;totale \u00dcberraschung&#8221;, wenn Bildung ist bereits &#8220;einem Tiefstand&#8221; und der Handlungsspielraum ist &#8220;sehr klein&#8221;.<\/p>\n<p>Jes\u00fas Pueyo, Generalsekret\u00e4r des Trade Union FSIE sp\u00fcrte das w\u00e4re &#8220;schneidet auf Schnitte,&#8221; was er &#8220;verr\u00fcckt&#8221; genannt, wenn Politiker, das Zeichen, das f\u00fcllen, den Mund zu sagen, dass Bildung ist der grundlegende Motor.<\/p>\n<p>Der Pr\u00e4sident der Konf\u00f6deration der Eltern (CONCAPA), Luis Carbonel, vereinbart, dass Kostensenkungen in der Bildung &#8220;Fehler&#8221;, auch in Zeiten der Krise, seit das ist keine Ausgabe, sondern eine Investition ist.<\/p>\n<p>Der Pr\u00e4sident des Koordinierungsausschusses der Vertreter der Studenten von den staatlichen Universit\u00e4ten (CREUP), Mar\u00eda Jos\u00e9 Romero, beklagt die &#8220;sehr grosse&#8221; Unsicherheiten, die sich aus dieser Art von Werbung und erinnerte daran, dass Bildung ein &#8220;\u00f6ffentliches gut&#8221; ist.<\/p>\n","protected":false},"excerpt":{"rendered":"<p>Madrid, 9 APR (EFE).-Vertreter des Sektors Gesundheit und Bildung haben heute kritisiert, die Unklarheit und Unsicherheit, die die Einstellungen von der Regierung in diesen Sektoren zu generieren und \u00e4u\u00dferten ihre Ratlosigkeit \u00fcber die Ank\u00fcndigung des Speicherns von 10 Milliarden in Bildung und Gesundheit. Consultadas von Efe, mehrere medizinische Organisationen und Patienten, sie haben darauf hingewiesen, [&hellip;]<\/p>\n","protected":false},"author":1,"featured_media":0,"comment_status":"close","ping_status":"open","sticky":false,"template":"","format":"standard","meta":{"footnotes":""},"categories":[3],"tags":[44879],"class_list":["post-34664","post","type-post","status-publish","format-standard","hentry","category-allgemeine","tag-vorwrfe","et-doesnt-have-format-content","et_post_format-et-post-format-standard"],"_links":{"self":[{"href":"https:\/\/www.best-dentist-dentistry.com\/de\/wp-json\/wp\/v2\/posts\/34664","targetHints":{"allow":["GET"]}}],"collection":[{"href":"https:\/\/www.best-dentist-dentistry.com\/de\/wp-json\/wp\/v2\/posts"}],"about":[{"href":"https:\/\/www.best-dentist-dentistry.com\/de\/wp-json\/wp\/v2\/types\/post"}],"author":[{"embeddable":true,"href":"https:\/\/www.best-dentist-dentistry.com\/de\/wp-json\/wp\/v2\/users\/1"}],"replies":[{"embeddable":true,"href":"https:\/\/www.best-dentist-dentistry.com\/de\/wp-json\/wp\/v2\/comments?post=34664"}],"version-history":[{"count":0,"href":"https:\/\/www.best-dentist-dentistry.com\/de\/wp-json\/wp\/v2\/posts\/34664\/revisions"}],"wp:attachment":[{"href":"https:\/\/www.best-dentist-dentistry.com\/de\/wp-json\/wp\/v2\/media?parent=34664"}],"wp:term":[{"taxonomy":"category","embeddable":true,"href":"https:\/\/www.best-dentist-dentistry.com\/de\/wp-json\/wp\/v2\/categories?post=34664"},{"taxonomy":"post_tag","embeddable":true,"href":"https:\/\/www.best-dentist-dentistry.com\/de\/wp-json\/wp\/v2\/tags?post=34664"}],"curies":[{"name":"wp","href":"https:\/\/api.w.org\/{rel}","templated":true}]}}