{"id":34696,"date":"2013-02-13T02:33:08","date_gmt":"2013-02-13T02:33:08","guid":{"rendered":null},"modified":"-0001-11-30T00:00:00","modified_gmt":"-0001-11-30T00:00:00","slug":"the-conference-of-fao-in-baku-will-face-the-issue-of-obesity-in-europe","status":"publish","type":"post","link":"https:\/\/www.best-dentist-dentistry.com\/de\/the-conference-of-fao-in-baku-will-face-the-issue-of-obesity-in-europe\/34696","title":{"rendered":"Die Konferenz der FAO in Baku wird das Problem der Fettleibigkeit in Europa gegen\u00fcberstehen."},"content":{"rendered":"<p class=\"first\"> Rom, 17 Apr (EFE).-Ministern und hohen Beamten der europ\u00e4ischen Treffen am 28. regionale Konferenz der FAO f\u00fcr Europa die n\u00e4chsten 19 und 20 April in Baku (Aserbaidschan), um die Probleme der Energieversorgung zu bew\u00e4ltigen und in diesen L\u00e4ndern vor allem Ern\u00e4hrung und Adipositas erh\u00f6hen verwandt sind.<\/p>\n<p>Bei der Konferenz der Organisation der Vereinten Nationen f\u00fcr die Ern\u00e4hrungs- und Landwirtschaftsorganisation (FAO) f\u00fcr Europa und Zentralasien, die alle zwei Jahre stattfindet, Fragen der Ern\u00e4hrungssicherheit, Landwirtschaft, Fischerei und W\u00e4lder diskutieren, sagte heute die Agentur.<\/p>\n<p>FAO ist sehr aktiv gegen den Hunger in der Welt, in diesen L\u00e4ndern &#8220;\u00c4nderungen in der Produktion und Essgewohnheiten werden Unterern\u00e4hrung nicht besorgniserregend machen&#8221; durch was das Hauptthema werden &#8220;die ern\u00e4hrungsbedingten Krankheiten erscheinen als ein Problem der \u00f6ffentlichen Gesundheit&#8221;, zeigt aber eine Notiz des Organismus.<\/p>\n<p>&#8220;Andere Themen umfassen die Art und Weise steigern den Ertrag von Getreide in Osteuropa und im Zusammenhang mit der \u00f6kologischen Nachhaltigkeit der Landwirtschaft&#8221;, f\u00fcgt FAO.<\/p>\n<p>In einem Dokument der FAO gescannt werden, wird erkl\u00e4rt, wie der Trend in den kommenden Jahren in Europa die &#8220;Verringerung des Verbrauchs an Getreide zugunsten einer h\u00f6heren Verbrauch von Fleisch und Milchprodukten&#8221; ist.<\/p>\n<p>&#8220;Diese \u00c4nderung der macht, an der bereits sehr hohen di\u00e4tetischen Energieversorgung angeschlossen werden, die Pr\u00e4valenz von \u00dcbergewicht und Adipositas und folglich die ern\u00e4hrungsbedingten \u00fcbertragbare Krankheiten zu erh\u00f6hen&#8221;, wird das Dokument hinzugef\u00fcgt.<\/p>\n<p>Projektionen der Preise von Fettleibigkeit in 2030 und 2050, laut dem Dokument &#8220;zeigen, dass die Determinanten der Gefahr erh\u00f6ht Preise der Sterblichkeit durch nicht \u00fcbertragbare Krankheiten in den \u00e4rmsten L\u00e4ndern auf ein Niveau noch nie gesehen heute in den L\u00e4ndern der Europ\u00e4ischen Union (EU) betragen werden.<\/p>\n<p>&#8220;<\/p>\n<p>\u00d6ffnet die Konferenz mit der Intervention der Generaldirektor der FAO, Jos\u00e9 Graziano da Silva. EFE<\/p>\n","protected":false},"excerpt":{"rendered":"<p>Rom, 17 Apr (EFE).-Ministern und hohen Beamten der europ\u00e4ischen Treffen am 28. regionale Konferenz der FAO f\u00fcr Europa die n\u00e4chsten 19 und 20 April in Baku (Aserbaidschan), um die Probleme der Energieversorgung zu bew\u00e4ltigen und in diesen L\u00e4ndern vor allem Ern\u00e4hrung und Adipositas erh\u00f6hen verwandt sind. Bei der Konferenz der Organisation der Vereinten Nationen f\u00fcr [&hellip;]<\/p>\n","protected":false},"author":1,"featured_media":0,"comment_status":"close","ping_status":"open","sticky":false,"template":"","format":"standard","meta":{"footnotes":""},"categories":[3],"tags":[44892,44891],"class_list":["post-34696","post","type-post","status-publish","format-standard","hentry","category-allgemeine","tag-gegenberstehen","tag-haitianische","et-doesnt-have-format-content","et_post_format-et-post-format-standard"],"_links":{"self":[{"href":"https:\/\/www.best-dentist-dentistry.com\/de\/wp-json\/wp\/v2\/posts\/34696","targetHints":{"allow":["GET"]}}],"collection":[{"href":"https:\/\/www.best-dentist-dentistry.com\/de\/wp-json\/wp\/v2\/posts"}],"about":[{"href":"https:\/\/www.best-dentist-dentistry.com\/de\/wp-json\/wp\/v2\/types\/post"}],"author":[{"embeddable":true,"href":"https:\/\/www.best-dentist-dentistry.com\/de\/wp-json\/wp\/v2\/users\/1"}],"replies":[{"embeddable":true,"href":"https:\/\/www.best-dentist-dentistry.com\/de\/wp-json\/wp\/v2\/comments?post=34696"}],"version-history":[{"count":0,"href":"https:\/\/www.best-dentist-dentistry.com\/de\/wp-json\/wp\/v2\/posts\/34696\/revisions"}],"wp:attachment":[{"href":"https:\/\/www.best-dentist-dentistry.com\/de\/wp-json\/wp\/v2\/media?parent=34696"}],"wp:term":[{"taxonomy":"category","embeddable":true,"href":"https:\/\/www.best-dentist-dentistry.com\/de\/wp-json\/wp\/v2\/categories?post=34696"},{"taxonomy":"post_tag","embeddable":true,"href":"https:\/\/www.best-dentist-dentistry.com\/de\/wp-json\/wp\/v2\/tags?post=34696"}],"curies":[{"name":"wp","href":"https:\/\/api.w.org\/{rel}","templated":true}]}}