{"id":34777,"date":"2013-02-14T05:29:49","date_gmt":"2013-02-14T05:29:49","guid":{"rendered":null},"modified":"-0001-11-30T00:00:00","modified_gmt":"-0001-11-30T00:00:00","slug":"the-board-of-directors-of-aerte-appoints-josa-maraa-moreno-as-president-until-the-consolidation-of-the-electoral-process-which-will-determine-the-presidency-in-april","status":"publish","type":"post","link":"https:\/\/www.best-dentist-dentistry.com\/de\/the-board-of-directors-of-aerte-appoints-josa-maraa-moreno-as-president-until-the-consolidation-of-the-electoral-process-which-will-determine-the-presidency-in-april\/34777","title":{"rendered":"Der Vorstand der Aerte ernennt Jos\u00e9 Mar\u00eda Moreno als Pr\u00e4sident bis zur Konsolidierung des Wahlprozesses die Pr\u00e4sidentschaft im April bestimmen werden."},"content":{"rendered":"<p><strong>The Board of Directors Aerte ernennt Pr\u00e4sident Jos\u00e9 Mar\u00eda Moreno bis zur Konsolidierung des Wahlprozesses die Pr\u00e4sidentschaft im April bestimmen werden.<\/strong> <\/p>\n<p><font size=\"2\"> <strong>die valencianische Abh\u00e4ngigkeit erkennt die Arbeit von Herrn Alberto Gim\u00e9nez und danken Ihnen die Widmung, die sie dieser Verein gegeben hat. <br \/><\/strong> <br \/><strong>Valencia, Februar 2013.-<\/strong> Die Direktoren der Aerte, Hauptarbeitgeber die valencianische Abh\u00e4ngigkeit, hat einstimmig D. Jos\u00e9 Mar\u00eda Moreno als Pr\u00e4sident des Vereins, nach das Inkrafttreten des R\u00fccktritts von Herrn Alberto Gim\u00e9nez angek\u00fcndigten &#8211; ehemaliger Pr\u00e4sident letzten Dezember aufgrund der Inkompatibilit\u00e4t mit neuen Professional Projekte und den Wahlprozess, die ihren H\u00f6hepunkt in den Monat April zu materialisieren. <\/p>\n<p>D. Jos\u00e9 Mar\u00eda Moreno war Mitglied der Richtlinie Board von Aerte, die verschiedene Positionen f\u00fcr mehr als 12 Jahre gehalten haben, und daher wissen der Realit\u00e4t und Herausforderungen des Sektors-Abh\u00e4ngigkeit der Region Valencia. Es ist auch eine renommierte Unternehmer mit langj\u00e4hriger Erfahrung in der Branche und verf\u00fcgt \u00fcber umfangreiche Kenntnisse und Bereitschaft, die ernste Probleme anzugehen, die die Sektor-Einheit. <\/p>\n<p align=\"center\"> <img loading=\"lazy\" decoding=\"async\" title=\"\" height=\"338\" alt=\"\" src=\"http:\/\/www.noticiasmedicas.es\/medicina\/content_images\/275\/2013_02\/294.jpg\" width=\"450\" align=\"baseline\" border=\"0\"\/><\/p>\n<p> w\u00e4hrend seiner Pr\u00e4sidentschaft wird D. Jos\u00e9 Mar\u00eda Moreno arbeiten, um die Interessen der Partner der Aerte, zu verteidigen, die derzeit in einer sehr komplizierten Lage durch den Mangel an Liquidit\u00e4t und Zwangsvollstreckungen gezogen ab 2012, sowie f\u00fcr eine Reihe von historischen Anspr\u00fcche im Bereich die Wiederherstellung des Gleichgewichts zwischen den verschiedenen Handelsvermittlung zu erreichen sind. <\/p>\n<p>Zur gleichen Zeit, Aerte hat erkannt das Werk des Herrn Alberto Gim\u00e9nez, ehemaliger Pr\u00e4sident des Verbandes, danken ihnen f\u00fcr ihr Engagement und Bereitschaft zur Arbeit manifestiert sich in den letzten Jahren die hat der Vorsitz des Vereins. <\/p>\n<p><\/font><\/p>\n","protected":false},"excerpt":{"rendered":"<p>The Board of Directors Aerte ernennt Pr\u00e4sident Jos\u00e9 Mar\u00eda Moreno bis zur Konsolidierung des Wahlprozesses die Pr\u00e4sidentschaft im April bestimmen werden. die valencianische Abh\u00e4ngigkeit erkennt die Arbeit von Herrn Alberto Gim\u00e9nez und danken Ihnen die Widmung, die sie dieser Verein gegeben hat. Valencia, Februar 2013.- Die Direktoren der Aerte, Hauptarbeitgeber die valencianische Abh\u00e4ngigkeit, hat einstimmig [&hellip;]<\/p>\n","protected":false},"author":1,"featured_media":0,"comment_status":"close","ping_status":"open","sticky":false,"template":"","format":"standard","meta":{"footnotes":""},"categories":[3],"tags":[44952,44950,44951],"class_list":["post-34777","post","type-post","status-publish","format-standard","hentry","category-allgemeine","tag-bestimmen","tag-hinzufgen","tag-wahlprozesses","et-doesnt-have-format-content","et_post_format-et-post-format-standard"],"_links":{"self":[{"href":"https:\/\/www.best-dentist-dentistry.com\/de\/wp-json\/wp\/v2\/posts\/34777","targetHints":{"allow":["GET"]}}],"collection":[{"href":"https:\/\/www.best-dentist-dentistry.com\/de\/wp-json\/wp\/v2\/posts"}],"about":[{"href":"https:\/\/www.best-dentist-dentistry.com\/de\/wp-json\/wp\/v2\/types\/post"}],"author":[{"embeddable":true,"href":"https:\/\/www.best-dentist-dentistry.com\/de\/wp-json\/wp\/v2\/users\/1"}],"replies":[{"embeddable":true,"href":"https:\/\/www.best-dentist-dentistry.com\/de\/wp-json\/wp\/v2\/comments?post=34777"}],"version-history":[{"count":0,"href":"https:\/\/www.best-dentist-dentistry.com\/de\/wp-json\/wp\/v2\/posts\/34777\/revisions"}],"wp:attachment":[{"href":"https:\/\/www.best-dentist-dentistry.com\/de\/wp-json\/wp\/v2\/media?parent=34777"}],"wp:term":[{"taxonomy":"category","embeddable":true,"href":"https:\/\/www.best-dentist-dentistry.com\/de\/wp-json\/wp\/v2\/categories?post=34777"},{"taxonomy":"post_tag","embeddable":true,"href":"https:\/\/www.best-dentist-dentistry.com\/de\/wp-json\/wp\/v2\/tags?post=34777"}],"curies":[{"name":"wp","href":"https:\/\/api.w.org\/{rel}","templated":true}]}}