{"id":3478,"date":"2012-02-13T18:00:40","date_gmt":"2012-02-13T18:00:40","guid":{"rendered":null},"modified":"-0001-11-30T00:00:00","modified_gmt":"-0001-11-30T00:00:00","slug":"pensioners-associations-demand-measures-for-consolidation-and-improvement-of-the-public-pension-system","status":"publish","type":"post","link":"https:\/\/www.best-dentist-dentistry.com\/de\/pensioners-associations-demand-measures-for-consolidation-and-improvement-of-the-public-pension-system\/3478","title":{"rendered":"Rentner Verb\u00e4nde fordern Ma\u00dfnahmen zur Konsolidierung und Verbesserung des \u00f6ffentlichen Rentensystems."},"content":{"rendered":"<p><strong>Rentner Verb\u00e4nde fordern Ma\u00dfnahmen zur Konsolidierung und Verbesserung des \u00f6ffentlichen Rentensystems. <\/p>\n<p><\/strong> <br \/><font size=\"2\">-demographische und Migrationstrends tun, dass in 2050 dort weniger als zwei Menschen arbeiten f\u00fcr jedes Alter Rentner <\/p>\n<p>-Einrichtung von freiwilligen R\u00fcckzug, Ma\u00dfnahmen zur F\u00f6rderung der Dauerhaftigkeit der Besch\u00e4ftigung im Alter von 55 und neue Formeln zur Vereinbarkeit von Arbeit und Rente zwischen die Beitr\u00e4ge der Rentner. <\/p>\n<p>-Priorit\u00e4t zur F\u00f6rderung der Informations- und Sensibilisierungskampagnen \u00fcber unsere Renten und bestehende Tierschutz-Mechanismen pr\u00fcfen, private und \u00f6ffentliche. <\/p>\n<p><strong>Madrid, Februar 2012.<\/strong> Zeitgleich mit der Feier des Jahres 2012 zum Jahr f\u00fcr aktives Altern und Solidarit\u00e4t zwischen den Generationen, F\u00f6derationen und Verb\u00e4nde der Rentner und Pension\u00e4re aller Spanien Drang Gesellschaft, dar\u00fcber nachzudenken, der sozialen Revolution verursacht durch die erhebliche Alterung der Bev\u00f6lkerung, die in den kommenden Jahren stattfinden wird. <\/p>\n<p>Das kommen Bev\u00f6lkerungsprognosen erfordern denken jetzt \u00fcber eine zuk\u00fcnftige Gesellschaft, die die jetzige in vielerlei Hinsicht unterscheidet. Laut dem Pr\u00e4sidenten der Demokratischen Union der Rentner, UDP, Luis Mart\u00edn Pindado,  die F\u00f6rderung des aktiven Alterns Politik ist eine Investition in soziale Kapital und wirtschaftliche Chance f\u00fcr das Land, als auch eine unersch\u00f6pfliche Philo f\u00fcr die Schaffung von Arbeitspl\u00e4tzen im Bereich der Beteiligung und die soziale Konstruktion von der Aktive \u00e4ltere Menschen &#8221;. <\/p>\n<p>Entsprechend der Projektion der Bev\u00f6lkerung Spaniens auf lange Sicht der INE in der 2049 \u00e4lter als 64 Jahre 31,9 % der Gesamtbev\u00f6lkerung dar im Vergleich zu 17,3 % heute. <\/p>\n<p>In etwas mehr als 30 Jahren wird die Bev\u00f6lkerung von \u00e4lteren Menschen von aktuellen 8.000.000 zu 15,000,000 erh\u00f6hen. <\/p>\n<p>Es gibt derzeit etwa 22 \u00e4ltere Menschen von jedem hundert potentiell aktiv, aber in 2049 diese Beziehung haben doppelte (53 Prozent), d.h. zwei Personen Alter f\u00fcr jede \u00e4ltere Person (Wei\u00dfe Buch des aktiven Alterns).  M\u00fcssen nun Ma\u00dfnahmen ergreifen, um sicherzustellen, dass k\u00fcnftige Generationen einen \u00f6ffentlichen Rentensystem angemessene und nachhaltige genie\u00dfen k\u00f6nnen weiterhin &#8221; Pindado manifestiert. <\/p>\n<p>Die Arbeitsgruppe Masse neigt, in den kommenden Jahrzehnten zu verringern, und wenn die Boom-Generationen in 25 Jahren in Rente gehen, die Beziehung zwischen \u00e4lteren und potenziell aktiven Bev\u00f6lkerung war vor allem ver\u00e4rgert.  Ist notwendig, neue Mechanismen der Solidarit\u00e4t zwischen den Generationen zu diesem Anstieg in den Sozialausgaben Pausen nicht nur mit j\u00fcngeren Arbeitnehmern aufbauen und pr\u00fcfen die produktive Dimension, im weitesten Sinne, der \u00e4lteren &#8221;, Pindado hier angibt. <\/p>\n<p><strong>Zw\u00f6lf Ursachen Kampagne f\u00fcr 2012<\/strong> <\/p>\n<p>In diesem Sinne Verb\u00e4nde der \u00e4ltesten von ganz Spanien, Teilnehmer in der Kampagne  zw\u00f6lf Ursachen f\u00fcr 2012 &#8221; von den Imserso in Zusammenarbeit mit UDP, vorgeschlagenen Ma\u00dfnahmen durchgef\u00fchrt: <\/p>\n<p>-schaffen Ruhestand Freiwillige. <\/p>\n<p>-fest angebracht, Sanktionen f\u00fcr Unternehmen, die unfreiwillige Vorruhestandsregelung durchzuf\u00fchren. <\/p>\n<p>-schaffen neue rechtliche Formeln so in Einklang zu bringen <\/p>\n<p>flexible bezahlte Arbeit und die Wahrnehmung einer Rente. <\/p>\n<p>-F\u00f6rderung, Weiterbildung und Kurse der Umschulung seit \u00fcber 50 Jahren in der Firma bleiben <\/p>\n<p>-F\u00f6rderung mit Anreizen und Beihilfen an Unternehmen, die Arbeitnehmer im Alter von 50 Jahren erhalten. <\/p>\n<p>-machen Kommunikations-Kampagnen zu f\u00f6rdern, um die gr\u00f6\u00dfte der 50 Jahre als Verm\u00f6genswerte der Unternehmen. F\u00f6rderung des Images der Unternehmen mit den \u00e4ltesten in ihren Vorlagen, als zuverl\u00e4ssiges Unternehmen mit Erfahrung und wo es Austausch zwischen den Generationen. <\/p>\n<p>-Arbeit auf ihre eigenen in den letzten Jahren im Arbeitsleben ist eine Option, die in der unmittelbaren Zukunft arbeiten sollten <\/p>\n<p>-F\u00f6rderung Tarifvertr\u00e4ge enthalten Klauseln zugunsten der tats\u00e4chlichen und nicht-Diskriminierung von gro\u00dfen Grund warumn Alter Zugang und Wartung in der Besch\u00e4ftigung der Arbeitnehmer und Arbeitnehmerinnen in weitere Alter. <\/p>\n<p>-F\u00f6rderung von Informations- und Sensibilisierungskampagnen auf unserem System von Renten und Soziales Mechanismen bestehenden privaten und \u00f6ffentlichen. <\/p>\n<p>-Einrichtung von die notwendigen Strukturanpassungen zu Besch\u00e4ftigung in Spanien auf das Europa der 15 vergleichbar. <\/p>\n<p>-schaffen Anreize f\u00fcr Besch\u00e4ftigung Training Jugend. <\/p>\n<p>-Unterst\u00fctzung der Geburt durch die Festlegung von neuer Schutzma\u00dfnahmen f\u00fcr Familien und die Aufzucht von Kindern f\u00f6rdern. <\/p>\n<p>Das endg\u00fcltige Dokument mit Berichten, Argumente und Beitr\u00e4ge aus den Verb\u00e4nden des \u00e4ltesten auf das \u00f6ffentliche Rentensystem geliefert werden wichtige nationale und regionale politische Entscheidungstr\u00e4ger sowie Unternehmen, Agenturen und Institutionen mit Bezug zu, des dritten Sektors und der Medien. <\/p>\n<p><\/font><\/p>\n","protected":false},"excerpt":{"rendered":"<p>Rentner Verb\u00e4nde fordern Ma\u00dfnahmen zur Konsolidierung und Verbesserung des \u00f6ffentlichen Rentensystems. -demographische und Migrationstrends tun, dass in 2050 dort weniger als zwei Menschen arbeiten f\u00fcr jedes Alter Rentner -Einrichtung von freiwilligen R\u00fcckzug, Ma\u00dfnahmen zur F\u00f6rderung der Dauerhaftigkeit der Besch\u00e4ftigung im Alter von 55 und neue Formeln zur Vereinbarkeit von Arbeit und Rente zwischen die Beitr\u00e4ge [&hellip;]<\/p>\n","protected":false},"author":1,"featured_media":0,"comment_status":"close","ping_status":"open","sticky":false,"template":"","format":"standard","meta":{"footnotes":""},"categories":[3],"tags":[11653,11652],"class_list":["post-3478","post","type-post","status-publish","format-standard","hentry","category-allgemeine","tag-rentensystems","tag-rentner-verbnde","et-doesnt-have-format-content","et_post_format-et-post-format-standard"],"_links":{"self":[{"href":"https:\/\/www.best-dentist-dentistry.com\/de\/wp-json\/wp\/v2\/posts\/3478","targetHints":{"allow":["GET"]}}],"collection":[{"href":"https:\/\/www.best-dentist-dentistry.com\/de\/wp-json\/wp\/v2\/posts"}],"about":[{"href":"https:\/\/www.best-dentist-dentistry.com\/de\/wp-json\/wp\/v2\/types\/post"}],"author":[{"embeddable":true,"href":"https:\/\/www.best-dentist-dentistry.com\/de\/wp-json\/wp\/v2\/users\/1"}],"replies":[{"embeddable":true,"href":"https:\/\/www.best-dentist-dentistry.com\/de\/wp-json\/wp\/v2\/comments?post=3478"}],"version-history":[{"count":0,"href":"https:\/\/www.best-dentist-dentistry.com\/de\/wp-json\/wp\/v2\/posts\/3478\/revisions"}],"wp:attachment":[{"href":"https:\/\/www.best-dentist-dentistry.com\/de\/wp-json\/wp\/v2\/media?parent=3478"}],"wp:term":[{"taxonomy":"category","embeddable":true,"href":"https:\/\/www.best-dentist-dentistry.com\/de\/wp-json\/wp\/v2\/categories?post=3478"},{"taxonomy":"post_tag","embeddable":true,"href":"https:\/\/www.best-dentist-dentistry.com\/de\/wp-json\/wp\/v2\/tags?post=3478"}],"curies":[{"name":"wp","href":"https:\/\/api.w.org\/{rel}","templated":true}]}}