{"id":34903,"date":"2013-02-16T02:38:22","date_gmt":"2013-02-16T02:38:22","guid":{"rendered":null},"modified":"-0001-11-30T00:00:00","modified_gmt":"-0001-11-30T00:00:00","slug":"dialogue-between-strikers-and-social-security-without-consensus-and-keeps-unemployment-in-panama","status":"publish","type":"post","link":"https:\/\/www.best-dentist-dentistry.com\/de\/dialogue-between-strikers-and-social-security-without-consensus-and-keeps-unemployment-in-panama\/34903","title":{"rendered":"Dialog zwischen den Streikenden und soziale Sicherheit ohne Konsens und h\u00e4lt die Arbeitslosigkeit in Panama"},"content":{"rendered":"<p class=\"first\"> Panama, 18. Mai (EFE).-das Haus heute Verhandlungen um eine L\u00f6sung zu einem landesweiten Streik der medizinischen Arbeitern und <span class=\"yshortcuts\" id=\"lw_1337386947_6\"> Gewerkschaften<\/span> des <span class=\"yshortcuts\" id=\"lw_1337386947_1\"> Sozialversicherungsfonds<\/span> (CSS) suchen konnte in seinem ersten Versuch, den Protest, zu beenden, die bereits f\u00fcnf Tage zusammentritt.<\/p>\n<p>Der Mitarbeiter des CSS in den <span class=\"yshortcuts\" id=\"lw_1337386947_7\"> Dialog<\/span>, der die Vermittlung der katholischen Kirche ist, medizinische und administrative F\u00fchrung hingewiesen, dass gab es keinen Konsens in diesem gibt es keine Repressalien gegen die Streikenden und dass sie wieder in den sieben Mitarbeiter entlassen von der Entit\u00e4t, sondern werden weiterhin sprechen am kommenden Montag.<\/p>\n<p>&#8220;Bleibt der Wunsch nach Dialog, kein Konsens erzielt wurde,&#8221; sagte Reportern am Ende des Treffens der Vermittler von der katholischen Kirche, der Priester Eusebio Mu\u00f1oz.<\/p>\n<p>Dialog vollzieht sich in dem Haus des Monte Alberna spirituellen R\u00fcckzug, in der Hauptstadt, mit der Beteiligung der Arbeitnehmer und \u00c4rzte auf Streik, Gesundheitsbeh\u00f6rden und die katholische Kirche.<\/p>\n<p>Munoz sagte, dass die Parteien, n\u00e4her Vorschl\u00e4ge auf den ersten Punkt Umgang mit Repressalien versuchen, daher Dialog wird weiter am kommenden Montag.<\/p>\n<p>&#8220;Das Streben der Kirche, dass wir diesen Punkt evakuieren k\u00f6nnen, um die gew\u00fcnschte Wiederherstellung der Gesundheitsdienste zu erreichen&#8221;, in soziale Sicherheit, sagte Munoz.<\/p>\n<p>Der Streik wird geleitet von den Gewerkschaften wie der Nationalverband der Verwaltungsbeamten des Fonds f\u00fcr soziale Sicherheit (Anfacss), der nationale Koordinator der professionellen Z\u00fcnfte und Gesundheit Techniker (Conagreprotsa), die nationale Vereinigung der Arbeiter-Handb\u00fccher von den Fonds der sozialen Versicherung (Anadetram) und Verhandlungen national \u00c4rztekommission (Comenenal).<\/p>\n<p>Diese Gilden sicherzustellen, dass 85 % der mehr als 20.000 Arbeitnehmer den Protest unterst\u00fctzt.<\/p>\n<p>Kira Karrica, von der Comenenal, sagte, sie wird nicht aufgehoben, Arbeitslosigkeit, denn in der Frage der menschlichen Ressourcen, Sanktionen und Entlassungen&#8221;noch nicht erreicht hat, eine Vereinbarung mit den Beh\u00f6rden von der Caja de Seguro Social und das Ministerium&#8221; der Gesundheit (Minsa).<\/p>\n<p>Direktor des medizinischen Nutzens von Sozialversicherung, Javier D\u00edaz, best\u00e4tigt seinen Austritt aus dem Dialog sieben Beamte der Obdachlosen, und sie k\u00f6nnen sich einen Appell f\u00fcr die \u00dcberpr\u00fcfung vor der Verwaltung pr\u00e4sentieren verteidigen.<\/p>\n<p>&#8220;Wir haben nicht gemacht Konsens zu diesem Zeitpunkt&#8221; r\u00e4umte Diaz.<\/p>\n<p>\u00c1lvaro Lozano, Vice President von Conagreprotsa, sagte, dass es Vergeltung durch die Verwaltung der CSS weil &#8220;Entlassungen ergriffen, sie heben Datens\u00e4tze und subtrahieren die Anwesenheitslisten&#8221;.<\/p>\n<p>Der medizinische Leiter davor gewarnt, dass die Arbeitslosigkeit weiter bis zur Beendigung der &#8220;Bel\u00e4stigung&#8221; ist von den Gesundheitsbeh\u00f6rden.<\/p>\n<p>Gewerkschaften sagen, der Streik ist standardm\u00e4\u00dfig von CSS und Minsa Vereinbarungen, die zuvor eingegeben haben, um die Probleme der Gesundheitspolitik, z. B. Personal-, Ausbildung, Ausr\u00fcstung, Gewerkschaftsfreiheit und skaliert Gehalt, unter anderem. EFE<\/p>\n","protected":false},"excerpt":{"rendered":"<p>Panama, 18. Mai (EFE).-das Haus heute Verhandlungen um eine L\u00f6sung zu einem landesweiten Streik der medizinischen Arbeitern und Gewerkschaften des Sozialversicherungsfonds (CSS) suchen konnte in seinem ersten Versuch, den Protest, zu beenden, die bereits f\u00fcnf Tage zusammentritt. Der Mitarbeiter des CSS in den Dialog, der die Vermittlung der katholischen Kirche ist, medizinische und administrative F\u00fchrung [&hellip;]<\/p>\n","protected":false},"author":1,"featured_media":0,"comment_status":"close","ping_status":"open","sticky":false,"template":"","format":"standard","meta":{"footnotes":""},"categories":[3],"tags":[45018],"class_list":["post-34903","post","type-post","status-publish","format-standard","hentry","category-allgemeine","tag-nordpazifik","et-doesnt-have-format-content","et_post_format-et-post-format-standard"],"_links":{"self":[{"href":"https:\/\/www.best-dentist-dentistry.com\/de\/wp-json\/wp\/v2\/posts\/34903","targetHints":{"allow":["GET"]}}],"collection":[{"href":"https:\/\/www.best-dentist-dentistry.com\/de\/wp-json\/wp\/v2\/posts"}],"about":[{"href":"https:\/\/www.best-dentist-dentistry.com\/de\/wp-json\/wp\/v2\/types\/post"}],"author":[{"embeddable":true,"href":"https:\/\/www.best-dentist-dentistry.com\/de\/wp-json\/wp\/v2\/users\/1"}],"replies":[{"embeddable":true,"href":"https:\/\/www.best-dentist-dentistry.com\/de\/wp-json\/wp\/v2\/comments?post=34903"}],"version-history":[{"count":0,"href":"https:\/\/www.best-dentist-dentistry.com\/de\/wp-json\/wp\/v2\/posts\/34903\/revisions"}],"wp:attachment":[{"href":"https:\/\/www.best-dentist-dentistry.com\/de\/wp-json\/wp\/v2\/media?parent=34903"}],"wp:term":[{"taxonomy":"category","embeddable":true,"href":"https:\/\/www.best-dentist-dentistry.com\/de\/wp-json\/wp\/v2\/categories?post=34903"},{"taxonomy":"post_tag","embeddable":true,"href":"https:\/\/www.best-dentist-dentistry.com\/de\/wp-json\/wp\/v2\/tags?post=34903"}],"curies":[{"name":"wp","href":"https:\/\/api.w.org\/{rel}","templated":true}]}}