{"id":34924,"date":"2013-02-16T02:40:46","date_gmt":"2013-02-16T02:40:46","guid":{"rendered":null},"modified":"-0001-11-30T00:00:00","modified_gmt":"-0001-11-30T00:00:00","slug":"jimenez-says-that-the-psoe-will-appeal-against-the-decree-of-the-cut-in-health","status":"publish","type":"post","link":"https:\/\/www.best-dentist-dentistry.com\/de\/jimenez-says-that-the-psoe-will-appeal-against-the-decree-of-the-cut-in-health\/34924","title":{"rendered":"Jimenez sagt, dass die PSOE gegen das Dekret des Schnittes in Gesundheit ansprechen"},"content":{"rendered":"<p class=\"first\"> Ourense, 25. Mai (EFE).-das Ministerium f\u00fcr Sozialpolitik der PSOE, Trinidad Jim\u00e9nez, sagte heute, dass seine Partei w\u00fcrde einreichen, ein Appell der Verfassungswidrigkeit gegen das K\u00f6nigliche Dekret genehmigt letzte Woche durch das Abgeordnetenhaus, weil es die Grundrechte verletzt und der B\u00fcrger des nationalen Gesundheitssystems ausschlie\u00dfen.<\/p>\n<p>Jimenez hat diese Aussagen in Ourense und stellte fest, dass die Ressource unterzogen werden, durch seine Ausbildung einmal die autonomen Gemeinschaften pr\u00e4sentieren zur\u00fcck.<\/p>\n<p>Vertreter der PSOE und ehemaliger Minister f\u00fcr Gesundheit, nahm an einem Treffen mit organischen Positionen und Ourense Volksgesundheit Beteiligten, dem Generalsekret\u00e4r des PSdeG, Pachi V\u00e1zquez teilnahmen.<\/p>\n<p>&#8220;Wir warten, dass die vorhanden Ressourcen der Verfassungswidrigkeit, Andalusien und dem Baskenland. Sobald diese Gemeinden, die Sozialdemokratische Fraktion auch pr\u00e4sentieren pr\u00e4sentieren werden&#8221;, sagte.<\/p>\n<p>El PSOE bietet neben der vorliegenden Antr\u00e4ge, Interpellationen und Voraussetzungen, die ein Gesetzentwurf im Kongress mit dem Ziel, das das K\u00f6nigliche Dekret &#8220;nicht gilt&#8221;, und damit zu vermeiden, dass die &#8220;produzierenden negative Auswirkungen&#8221; auf die Bev\u00f6lkerung, insbesondere bei Gruppen, die &#8220;ausschlie\u00dft&#8221;.<\/p>\n<p>Darauf hingewiesen, dass diese gef\u00e4hrdeten Gruppen umfassen &#8220;jungen Alter von 27 Jahren nicht zitierten \u00fcberhaupt, geschiedene Frauen, die nicht nie zitierten, deaktiviert oder irregul\u00e4re Einwanderer&#8221;.<\/p>\n<p>&#8220;Wird nicht zulassen, dass ein Gesundheitssystem, unter dem Vorwand der Krise demontiert wurde&#8221;, neben der &#8220;nachhaltigen&#8221;, es ist &#8220;eine der besten der Welt&#8221;, sagte Jimenez, warnte, dass &#8220;es rote Linien, die nicht \u00fcberschritten werden k\u00f6nnen sind&#8221;.<\/p>\n<p>, Sagte, dass er ein Modell der &#8220;freien&#8221; und&#8221;universal&#8221; Gesundheitsversorgung, die bietet Hilfe f\u00fcr alle diejenigen, die in diesem Land, auch als &#8220;nachhaltig&#8221;, und Spanien Leben hat &#8220;genug Kraft um 6,5 % des BIP zu widmen&#8221;, betonte er.<\/p>\n<p>Put in Zweifel, das es eine Notwendigkeit, es zu \u00e4ndern und bestand darauf, dass das Modell das K\u00f6nigliche Dekret angenommen ist &#8220;ungerechte und ineffiziente&#8221;, f\u00fcgte er hinzu.<\/p>\n<p>Der Sekret\u00e4r der Sozialpolitik der PSOE auch forderte der Pr\u00e4sident der Xunta, Alberto N\u00fa\u00f1ez Feijoo und Anf\u00fchrer der PPdeG in Galizien &#8211; sobald es sich richtet, dass es nicht herstellen Gesundheitswesen Selbstbeteiligung-abzulehnen.<\/p>\n<p>&#8220;Ist sehr einfach zu sagen, dass es nicht angewendet werden,&#8221; Wenn &#8220;nicht es abgelehnt&#8221;, sagte sie.<\/p>\n<p>Seinerseits Vazquez sagte, dass &#8220;einige Male eine derart ungerechte Situation erlebt, war&#8221; als die jetzige, mit dem Recht, die &#8220;die Volksgesundheit voranzubringen will&#8221; und.<\/p>\n<p>In diesem Zusammenhang forderte der Pr\u00e4sident der Xunta de Galicia &#8220;nicht verraten Galicien&#8221; und senden auch ein Rechtsmittel der Verfassungswidrigkeit gegen das Dekret, nach dem Beispiel der anderen autonomen Gemeinschaften.<\/p>\n<p>&#8220;Jetzt ist die Zeit zu verteidigen Galicien und verteidigen diese Rentner Leben am Limit und die haben jetzt f\u00fcr Medikamente bezahlen,&#8221; betonte er, in Bezug auf das Dekret, das die Auffassung, dass &#8220;nicht nur der Gesundheit, sondern die Rechte Rechtsverletzungen&#8221; von den Galiciern.<\/p>\n<p>Andererseits, sagte der Vertreter der PSOE, auf Fragen von Journalisten hinsichtlich der M\u00f6glichkeit einen Pakt mit der PP in den Bereichen Gesundheit, dieses Recht, jetzt es &#8220;schwierig ist, eine Einigung zu erzielen&#8221;, da der Minister &#8220;nie uns genannt&#8221;, das Dekret zu diskutieren, die in das Ende &#8220;verh\u00e4ngt&#8221;, er sagte.<\/p>\n","protected":false},"excerpt":{"rendered":"<p>Ourense, 25. Mai (EFE).-das Ministerium f\u00fcr Sozialpolitik der PSOE, Trinidad Jim\u00e9nez, sagte heute, dass seine Partei w\u00fcrde einreichen, ein Appell der Verfassungswidrigkeit gegen das K\u00f6nigliche Dekret genehmigt letzte Woche durch das Abgeordnetenhaus, weil es die Grundrechte verletzt und der B\u00fcrger des nationalen Gesundheitssystems ausschlie\u00dfen. Jimenez hat diese Aussagen in Ourense und stellte fest, dass die [&hellip;]<\/p>\n","protected":false},"author":1,"featured_media":0,"comment_status":"close","ping_status":"open","sticky":false,"template":"","format":"standard","meta":{"footnotes":""},"categories":[3],"tags":[45031],"class_list":["post-34924","post","type-post","status-publish","format-standard","hentry","category-allgemeine","tag-ansprechen","et-doesnt-have-format-content","et_post_format-et-post-format-standard"],"_links":{"self":[{"href":"https:\/\/www.best-dentist-dentistry.com\/de\/wp-json\/wp\/v2\/posts\/34924","targetHints":{"allow":["GET"]}}],"collection":[{"href":"https:\/\/www.best-dentist-dentistry.com\/de\/wp-json\/wp\/v2\/posts"}],"about":[{"href":"https:\/\/www.best-dentist-dentistry.com\/de\/wp-json\/wp\/v2\/types\/post"}],"author":[{"embeddable":true,"href":"https:\/\/www.best-dentist-dentistry.com\/de\/wp-json\/wp\/v2\/users\/1"}],"replies":[{"embeddable":true,"href":"https:\/\/www.best-dentist-dentistry.com\/de\/wp-json\/wp\/v2\/comments?post=34924"}],"version-history":[{"count":0,"href":"https:\/\/www.best-dentist-dentistry.com\/de\/wp-json\/wp\/v2\/posts\/34924\/revisions"}],"wp:attachment":[{"href":"https:\/\/www.best-dentist-dentistry.com\/de\/wp-json\/wp\/v2\/media?parent=34924"}],"wp:term":[{"taxonomy":"category","embeddable":true,"href":"https:\/\/www.best-dentist-dentistry.com\/de\/wp-json\/wp\/v2\/categories?post=34924"},{"taxonomy":"post_tag","embeddable":true,"href":"https:\/\/www.best-dentist-dentistry.com\/de\/wp-json\/wp\/v2\/tags?post=34924"}],"curies":[{"name":"wp","href":"https:\/\/api.w.org\/{rel}","templated":true}]}}