{"id":3494,"date":"2012-02-14T10:00:32","date_gmt":"2012-02-14T10:00:32","guid":{"rendered":null},"modified":"-0001-11-30T00:00:00","modified_gmt":"-0001-11-30T00:00:00","slug":"mayor-of-bogota-signed-in-quito-agreement-of-cooperation-on-disability","status":"publish","type":"post","link":"https:\/\/www.best-dentist-dentistry.com\/de\/mayor-of-bogota-signed-in-quito-agreement-of-cooperation-on-disability\/3494","title":{"rendered":"B\u00fcrgermeister von Bogot\u00e1 unterzeichnet in Quito Abkommen der Zusammenarbeit zum Thema Behinderung"},"content":{"rendered":"<p class=\"first\"> Quito, 13 feb (EFE).-der B\u00fcrgermeister von Bogot\u00e1, Gustavo Petro, heute unterzeichnet ein Kooperationsabkommen \u00fcber Behinderung mit der Vice Pr\u00e4sident von Ecuador, die drei Teams von Experten, um die Stadt zum Bericht \u00fcber das Programm &#8220;Manuela Espejo&#8221;, die Tausende von Menschen in diesem Land geholfen hat zusenden.<\/p>\n<p>Bei der Verleihung des Abonnements, der Generalsekret\u00e4r der Vize-Pr\u00e4sident von Ecuador, Armando Hunt, sagte, dass dank einer Studie des Programms &#8220;Manuela Espejo&#8221; das Vorhandensein von 294.000 Menschen mit irgendeiner Art von Behinderung in Ecuador bestimmt und Politik Unterst\u00fctzung entwickelt.<\/p>\n<p>Petro bedauert, dass viel von den St\u00e4dten werden nicht gebildet, um f\u00fcr behinderte Personen geeignet und wurden eher die Menschen mit einem Mangel die Anf\u00fcgen an die St\u00e4dte hatten.<\/p>\n<p>Daher sagen, dass es eine &#8220;menschliche Bogot\u00e1&#8221; Hosten der Behinderten, er sagte, machen will, sind &#8220;Rechte&#8221;, unter ihnen Gesundheit.<\/p>\n<p>Eine Form der Reden zur Praxis, sagte der B\u00fcrgermeister, spiegelt sich in der Unterzeichnung der Vereinbarungen, wie die gezeichneten heute in der Mitte des Integral Aufmerksamkeit Manuela Espejo (Caime).<\/p>\n<p>Die drei Brigaden, die nach Bogot\u00e1 kommen zu \u00fcbertragen, Kenntnisse und Erfahrungen \u00fcber Behinderungen in Ecuador, Projekte der Pr\u00e4vention, Behandlung und Rehabilitation von Menschen mit Behinderungen umzusetzen.<\/p>\n<p>Im August 2011, Vice President Ecuador Kolumbien Len\u00edn Moreno und Angelino Garz\u00f3n, bzw. wurde der Prozess mit der Unterzeichnung eines ersten Abkommens Programms durchgef\u00fchrt in Ecuador seit 2009 in Kolumbien replizieren.<\/p>\n<p>Da Ecuador lieferte bereits 300.000 technische Hilfsmittel f\u00fcr Menschen mit Behinderungen, sagte Hunt.<\/p>\n<p>Hinaus hat das Programm &#8220;Joaqu\u00edn Gallegos Lara&#8221; f\u00fcr 15.000 Personen mit schweren k\u00f6rperlichen oder geistigen Behinderungen, wer hat Pflege, neben einen Bonus von $ 240 pro Monat an die Betreuer f\u00fcr den betroffenen entwickelt.<\/p>\n<p>Das Projekt wird von Moreno, vor mehr als einem Jahrzehnt im Rollstuhl ist nach erschossen in einem Angriff getrieben.<\/p>\n<p>\u00dcber die Unterzeichnung des \u00dcbereinkommens, berichtete \u00fcber die Mission &#8220;Manuela Espejo&#8221; Kandidaten f\u00fcr Miss Ecuador 2012, wurden die Conmovidas durch die \u00fcbertragenen Bilder von Kindern mit Behinderungen in einem Video \u00fcber die Arbeit der Experten, die das Land auf der Suche nach Menschen mit Behinderungen bereiste.<\/p>\n<p>The Director des Club of Ichthyose, Valeska Saab, Exmiss Welt Ecuador 2007, nahm die Kandidaten besuchen Sie dank die Unterst\u00fctzung durch die Vizepr\u00e4sidentschaft drei\u00dfig Menschen betroffen von der Krankheit, vor allem in den K\u00fcstenregionen Provinz Manabi liegt angek\u00fcndigt. EFE<\/p>\n","protected":false},"excerpt":{"rendered":"<p>Quito, 13 feb (EFE).-der B\u00fcrgermeister von Bogot\u00e1, Gustavo Petro, heute unterzeichnet ein Kooperationsabkommen \u00fcber Behinderung mit der Vice Pr\u00e4sident von Ecuador, die drei Teams von Experten, um die Stadt zum Bericht \u00fcber das Programm &#8220;Manuela Espejo&#8221;, die Tausende von Menschen in diesem Land geholfen hat zusenden. Bei der Verleihung des Abonnements, der Generalsekret\u00e4r der Vize-Pr\u00e4sident [&hellip;]<\/p>\n","protected":false},"author":1,"featured_media":0,"comment_status":"close","ping_status":"open","sticky":false,"template":"","format":"standard","meta":{"footnotes":""},"categories":[3],"tags":[11686],"class_list":["post-3494","post","type-post","status-publish","format-standard","hentry","category-allgemeine","tag-pflaster","et-doesnt-have-format-content","et_post_format-et-post-format-standard"],"_links":{"self":[{"href":"https:\/\/www.best-dentist-dentistry.com\/de\/wp-json\/wp\/v2\/posts\/3494","targetHints":{"allow":["GET"]}}],"collection":[{"href":"https:\/\/www.best-dentist-dentistry.com\/de\/wp-json\/wp\/v2\/posts"}],"about":[{"href":"https:\/\/www.best-dentist-dentistry.com\/de\/wp-json\/wp\/v2\/types\/post"}],"author":[{"embeddable":true,"href":"https:\/\/www.best-dentist-dentistry.com\/de\/wp-json\/wp\/v2\/users\/1"}],"replies":[{"embeddable":true,"href":"https:\/\/www.best-dentist-dentistry.com\/de\/wp-json\/wp\/v2\/comments?post=3494"}],"version-history":[{"count":0,"href":"https:\/\/www.best-dentist-dentistry.com\/de\/wp-json\/wp\/v2\/posts\/3494\/revisions"}],"wp:attachment":[{"href":"https:\/\/www.best-dentist-dentistry.com\/de\/wp-json\/wp\/v2\/media?parent=3494"}],"wp:term":[{"taxonomy":"category","embeddable":true,"href":"https:\/\/www.best-dentist-dentistry.com\/de\/wp-json\/wp\/v2\/categories?post=3494"},{"taxonomy":"post_tag","embeddable":true,"href":"https:\/\/www.best-dentist-dentistry.com\/de\/wp-json\/wp\/v2\/tags?post=3494"}],"curies":[{"name":"wp","href":"https:\/\/api.w.org\/{rel}","templated":true}]}}