{"id":34959,"date":"2013-02-17T05:29:11","date_gmt":"2013-02-17T05:29:11","guid":{"rendered":null},"modified":"-0001-11-30T00:00:00","modified_gmt":"-0001-11-30T00:00:00","slug":"xxv-congress-and-european-pharmacy-salon-will-be-held-the-next-5-6-and-7-march-in-barcelona","status":"publish","type":"post","link":"https:\/\/www.best-dentist-dentistry.com\/de\/xxv-congress-and-european-pharmacy-salon-will-be-held-the-next-5-6-and-7-march-in-barcelona\/34959","title":{"rendered":"XXV Kongress und europ\u00e4ischen Apotheke Salon wird die n\u00e4chsten 5, 6 und 7 M\u00e4rz in Barcelona stattfinden."},"content":{"rendered":"<p><strong>Der XXV-Kongress und europ\u00e4ischen Apotheke Salon findet die n\u00e4chsten 5, 6 und 7 M\u00e4rz in Barcelona. <\/p>\n<p><font size=\"2\"> im Gange Infarma 2013.<\/strong><font size=\"2\"> <\/p>\n<p>-In Ihrem Web-<\/font> <font size=\"2\"> www.infarma.es<\/font> <font size=\"2\"> sind schon einige der Themen, die sich die Diskussionen in dieser neuen Ausgabe enth\u00fcllt <\/p>\n<p> &#8211; in Infarma pr\u00e4sentieren die Studie  die Zukunft der Apotheke Office &#8221; nahmen die 500 Apotheker von Madrid und Barcelona <\/p>\n<p> <strong>Barcelona, Februar 2013.-<\/strong> XXV Kongress und europ\u00e4ischen Apotheke Halle, Treffpunkt f\u00fcr die pharmazeutische Industrie, findet in dem Messegel\u00e4nde Montju\u00efc in Barcelona die n\u00e4chste 5, 6 und 7. M\u00e4rz 2013, nach bestandener durch Madrid. Das Kollegium der Apotheker von Madrid und Barcelona Infarma organisiert in Zusammenarbeit mit Interalia. <\/p>\n<p>Infarma ist Kongress- und wichtigste Messe im Bereich der Apotheke von Spanien, und ist International in Ausstellung und Teilnahme Zahlen. Es ist der ideale Treffpunkt zum Scannen, nicht nur Innovationen in Bezug auf Produkte und Dienstleistungen, sondern auch zu diskutieren aktuelle Themen und die Zukunft der pharmazeutischen Beruf. In den Worten seines Direktors, Francisca Aranzana:  Infarma ist ein Synonym f\u00fcr eine gro\u00dfe Nummer von Europatreffen der pharmazeutischen Beruf. Es ist ein Forum f\u00fcr die Debatte in der Apotheke Nachrichten analysiert und gemeinsam all dieses Wissen um Zukunftsszenarien zu zeichnen &#8221;. <\/p>\n<p>Diese neue Ausgabe geben L\u00f6sungen zur St\u00e4rkung des Apothekers als Agent Gesundheit und seine Rolle als Gesundheitsversorgung f\u00fcr die B\u00fcrger zu konsolidieren. Der Kongress gewidmet, eine Tabelle zu reflektieren und zu behaupten, die Figur des Apothekers als einen Angeh\u00f6rigen eines Gesundheitsberufes Gesundheit f\u00fcr die Fr\u00fcherkennung von Krankheiten. Reaktion wird auch Dienste zu erstellen, sind notwendig und interessant f\u00fcr den B\u00fcrger und wird Platz f\u00fcr aktuelle Themen wie z. B. das Dienstprogramm und die Zuverl\u00e4ssigkeit der Gesundheit Apps: was es auf dem Markt gibt, ihre Auswirkungen auf Gesellschaft und Beziehung k\u00f6nnte in Zukunft mit der Pharmaindustrie und Gesundheitswesen Rolle insbesondere haben. <\/p>\n<p align=\"center\"> <img loading=\"lazy\" decoding=\"async\" title=\"\" height=\"338\" alt=\"\" src=\"http:\/\/www.noticiasmedicas.es\/medicina\/content_images\/275\/2013_02\/286.JPG\" width=\"249\" align=\"baseline\" border=\"0\"\/><\/p>\n<p> Kongress auch Gastgeber die Pr\u00e4sentation der Schlussfolgerungen der Studie \u00fcber die Zukunft des B\u00fcros der Apotheke, das Ergebnis eines Prozesses die 500 Apotheker von Barcelona und Madrid, beteiligt und wird mit Gespr\u00e4chsrunden zu verschiedenen Bereichen der Spezialisierung der Apotheke: Phytotherapie und Hom\u00f6opathie, Lebensmittel und Ern\u00e4hrung, Orthop\u00e4die, Dermopharmazie&#8230; Es gibt auch Tabellen auf Meister Formulierung als effizientes Werkzeug f\u00fcr die Verwaltung von Drogen in verschiedenen klinischen Schwierigkeit-L\u00f6sungen. <\/p>\n<p>F\u00fcr Aranzana, die Krise  ist die Zeit f\u00fcr Ideen, zu reflektieren, zu diskutieren und neue M\u00f6glichkeiten vorschlagen. Wir haben vor uns eine Zukunft, die wir mit Esperanza, geladen mit Projekten und berufliche M\u00f6glichkeiten f\u00fcr den Apotheker zu tun und ist aus diesem Grund, das wir uns Infarma nicht verlieren d\u00fcrfen. Bereits bei der ersten  rund &#8221; wollen auf den Tisch legen, die Idee der Hand von Andreu Buenafuente und der junge Unternehmer Pau Garcia-Mila &#8221;. <\/p>\n<p>Auf der Web-www.infarma.es eine Vorschau auf das Programm der Konferenz kann registrieren gefunden oder praktische Informationen \u00fcber die Stadt. <\/p>\n<p>Infarma 2013 statt findet in dem Messegel\u00e4nde Montju\u00efc, die auch im Salon von Drogen und Pharmazeutika, traditionellen Termin f\u00fcr die Pharma-Unternehmen haben die M\u00f6glichkeit sich zu n\u00e4hern, durch ihre Pr\u00e4senz auf der Trib\u00fcne, Tausende von Profis aus dem B\u00fcro der Apotheke involviert in diesen Tagen in Infarma aufnehmen werden. Die letzte Ausgabe des Infarma versammelten 2,356 Kongressabgeordnete und 305 Firmen in Ifema, Madrid. <\/p>\n<p>Folgen Sie uns auf Twitter, indem Sie hier klicken. <\/p>\n<p><\/font><\/font><\/p>\n","protected":false},"excerpt":{"rendered":"<p>Der XXV-Kongress und europ\u00e4ischen Apotheke Salon findet die n\u00e4chsten 5, 6 und 7 M\u00e4rz in Barcelona. im Gange Infarma 2013. -In Ihrem Web- www.infarma.es sind schon einige der Themen, die sich die Diskussionen in dieser neuen Ausgabe enth\u00fcllt &#8211; in Infarma pr\u00e4sentieren die Studie die Zukunft der Apotheke Office &#8221; nahmen die 500 Apotheker von [&hellip;]<\/p>\n","protected":false},"author":1,"featured_media":0,"comment_status":"close","ping_status":"open","sticky":false,"template":"","format":"standard","meta":{"footnotes":""},"categories":[3],"tags":[45060,45058,45059],"class_list":["post-34959","post","type-post","status-publish","format-standard","hentry","category-allgemeine","tag-brinfarma","tag-diabesity","tag-salon","et-doesnt-have-format-content","et_post_format-et-post-format-standard"],"_links":{"self":[{"href":"https:\/\/www.best-dentist-dentistry.com\/de\/wp-json\/wp\/v2\/posts\/34959","targetHints":{"allow":["GET"]}}],"collection":[{"href":"https:\/\/www.best-dentist-dentistry.com\/de\/wp-json\/wp\/v2\/posts"}],"about":[{"href":"https:\/\/www.best-dentist-dentistry.com\/de\/wp-json\/wp\/v2\/types\/post"}],"author":[{"embeddable":true,"href":"https:\/\/www.best-dentist-dentistry.com\/de\/wp-json\/wp\/v2\/users\/1"}],"replies":[{"embeddable":true,"href":"https:\/\/www.best-dentist-dentistry.com\/de\/wp-json\/wp\/v2\/comments?post=34959"}],"version-history":[{"count":0,"href":"https:\/\/www.best-dentist-dentistry.com\/de\/wp-json\/wp\/v2\/posts\/34959\/revisions"}],"wp:attachment":[{"href":"https:\/\/www.best-dentist-dentistry.com\/de\/wp-json\/wp\/v2\/media?parent=34959"}],"wp:term":[{"taxonomy":"category","embeddable":true,"href":"https:\/\/www.best-dentist-dentistry.com\/de\/wp-json\/wp\/v2\/categories?post=34959"},{"taxonomy":"post_tag","embeddable":true,"href":"https:\/\/www.best-dentist-dentistry.com\/de\/wp-json\/wp\/v2\/tags?post=34959"}],"curies":[{"name":"wp","href":"https:\/\/api.w.org\/{rel}","templated":true}]}}