{"id":34972,"date":"2013-02-20T02:28:42","date_gmt":"2013-02-20T02:28:42","guid":{"rendered":null},"modified":"-0001-11-30T00:00:00","modified_gmt":"-0001-11-30T00:00:00","slug":"cayo-lara-denounced-democratic-involution-posed-by-the-new-settings","status":"publish","type":"post","link":"https:\/\/www.best-dentist-dentistry.com\/de\/cayo-lara-denounced-democratic-involution-posed-by-the-new-settings\/34972","title":{"rendered":"Cayo Lara denunziert &#8220;demokratischen Involution&#8221;, die durch die neuen Einstellungen"},"content":{"rendered":"<p class=\"first\"> Madrid, 21 APR (EFE).-der Bundes-Koordinator der linken Unida (IU), Cayo Lara, heute als neue Anpassungen, die gestern von der Regierung genehmigt-dar-eine &#8220;demokratische Involution&#8221; zu &#8220;kriminalisieren&#8221; Public Health and Education.<\/p>\n<p>In Erkl\u00e4rungen f\u00fcr die Medien vor dem Eingriff in das Executive Committee der Partei der Europ\u00e4ischen Linken, Lara prangerte auch die Absicht der F\u00fchrungskraft &#8220;zur\u00fcck zur letzten Jahrhundert&#8221; auf universit\u00e4rer Ebene mit dem Aufstieg in Preise und zu zwingen, B\u00fcrger &#8220;zweimal bezahlen&#8221; Volksgesundheit.<\/p>\n<p>IU F\u00fchrer hat kritisiert, dass diese Ma\u00dfnahmen parallel zur &#8220;Steuer-Amnestien f\u00fcr die gro\u00dfe Betr\u00fcger&#8221;.<\/p>\n<p>In diesem Sinne daran erinnert, dass laut einer Studie der Organisation Justiz Staatsanwalt internationale Spanien sich in der zehnten Position in Steuerbetrug in einer Liste von 145 L\u00e4nder befindet und 60 Milliarden Euro, die von solchen betrug 73 Prozent berechnet werden begehen es gro\u00dfe Unternehmen, die mehr als 100 Millionen Euro pro Jahr in Rechnung gestellt.<\/p>\n<p>Cayo Lara prangerte Zugangsbeschr\u00e4nkungen Gesundheitsversorgung f\u00fcr die Einwanderer, die seiner Meinung nach &#8220;all die Europ\u00e4ischen \u00dcbereinkommen, die allgemeine Erkl\u00e4rung der Menschenrechte und der spanischen Verfassung selbst zu verletzen&#8221;.<\/p>\n<p>Hat einen B\u00fcrger verweigern Schweregrade, die von einem Land gewarnt, &#8220;hat oder verf\u00fcgt nicht \u00fcber eine Rolle&#8221; &#8211; in Anspielung auf seine Regularisierung &#8211; Gesundheitswesen, und &#8220;Lass es sterben&#8221; durch die nicht solche Aufmerksamkeit.<\/p>\n<p>&#8220;Ich denke, es ist kein Krankenhaus, viele Gesetze, dass diese Regierung, die sich weigert, Pflege einer Person mit einer schweren Krankheit zu geben, die Aufmerksamkeit&#8221;, hinzugef\u00fcgt.<\/p>\n<p>Hat betont, &#8220;Volksgesundheit ist eine Eroberung der meisten zivilisierten Gesellschaft unserer Zeit&#8221; und kann nicht sein &#8220;Zustimmung es ist umgekehrt&#8221;.<\/p>\n<p>Lara hinzugef\u00fcgt, dass Krankenversicherung einer menschlichen Handlung, sogar &#8220;christliche, f\u00fcr diejenigen, die manchmal im Namen dieses Christentum zu sprechen&#8221; und daher muss &#8220;stop diese Offensive&#8221; der Regierung die &#8220;den gesunden Menschenverstand der jedes menschliche Wesen, was nicht ihrer Ideologie passt,&#8221;.<\/p>\n<p>Auch hat bestritten, dass es keine ausreichenden Ressourcen, um gesundheitliche Probleme zu l\u00f6sen, und er erinnerte daran, dass die Ausgaben f\u00fcr Gesundheit in Spanien, als Prozentsatz des BIP sowohl pro Kopf unter dem EU-Durchschnitt ist.<\/p>\n<p>Obwohl seine Partei noch nicht entschieden, wenn es einen Appell der Verfassungswidrigkeit vorlegen wird durch diese Ma\u00dfnahme, Cayo Lara hat darauf bestanden, dass, wenn alle B\u00fcrger gleich sind, bevor das Gesetz ein Teil davon sein kann, der kann &#8220;be abgesehen davon, dass rechts, die der spanischen Verfassung&#8221;.<\/p>\n<p>IU F\u00fchrer hat bereut jetzt Freitag &#8211; wenn der Ministerrat &#8211; trifft jetzt &#8220;Freitag schwarz dieses Marianischen Zeitalters&#8221; sind, in dem genehmigte &#8220;Ma\u00dfnahmen gegen die B\u00fcrger&#8221; eine Regierung sind, welche &#8220;nicht regieren f\u00fcr B\u00fcrger, sondern f\u00fcr die finanzielle Gro\u00dfm\u00e4chte und Spekulanten im Markt und machen die Krise, die daf\u00fcr verantwortlich sind zu zahlen&#8221;.<\/p>\n","protected":false},"excerpt":{"rendered":"<p>Madrid, 21 APR (EFE).-der Bundes-Koordinator der linken Unida (IU), Cayo Lara, heute als neue Anpassungen, die gestern von der Regierung genehmigt-dar-eine &#8220;demokratische Involution&#8221; zu &#8220;kriminalisieren&#8221; Public Health and Education. In Erkl\u00e4rungen f\u00fcr die Medien vor dem Eingriff in das Executive Committee der Partei der Europ\u00e4ischen Linken, Lara prangerte auch die Absicht der F\u00fchrungskraft &#8220;zur\u00fcck zur [&hellip;]<\/p>\n","protected":false},"author":1,"featured_media":0,"comment_status":"close","ping_status":"open","sticky":false,"template":"","format":"standard","meta":{"footnotes":""},"categories":[3],"tags":[45070],"class_list":["post-34972","post","type-post","status-publish","format-standard","hentry","category-allgemeine","tag-dieselpreise","et-doesnt-have-format-content","et_post_format-et-post-format-standard"],"_links":{"self":[{"href":"https:\/\/www.best-dentist-dentistry.com\/de\/wp-json\/wp\/v2\/posts\/34972","targetHints":{"allow":["GET"]}}],"collection":[{"href":"https:\/\/www.best-dentist-dentistry.com\/de\/wp-json\/wp\/v2\/posts"}],"about":[{"href":"https:\/\/www.best-dentist-dentistry.com\/de\/wp-json\/wp\/v2\/types\/post"}],"author":[{"embeddable":true,"href":"https:\/\/www.best-dentist-dentistry.com\/de\/wp-json\/wp\/v2\/users\/1"}],"replies":[{"embeddable":true,"href":"https:\/\/www.best-dentist-dentistry.com\/de\/wp-json\/wp\/v2\/comments?post=34972"}],"version-history":[{"count":0,"href":"https:\/\/www.best-dentist-dentistry.com\/de\/wp-json\/wp\/v2\/posts\/34972\/revisions"}],"wp:attachment":[{"href":"https:\/\/www.best-dentist-dentistry.com\/de\/wp-json\/wp\/v2\/media?parent=34972"}],"wp:term":[{"taxonomy":"category","embeddable":true,"href":"https:\/\/www.best-dentist-dentistry.com\/de\/wp-json\/wp\/v2\/categories?post=34972"},{"taxonomy":"post_tag","embeddable":true,"href":"https:\/\/www.best-dentist-dentistry.com\/de\/wp-json\/wp\/v2\/tags?post=34972"}],"curies":[{"name":"wp","href":"https:\/\/api.w.org\/{rel}","templated":true}]}}