{"id":34984,"date":"2013-02-20T02:29:47","date_gmt":"2013-02-20T02:29:47","guid":{"rendered":null},"modified":"-0001-11-30T00:00:00","modified_gmt":"-0001-11-30T00:00:00","slug":"evo-morales-suffers-from-an-infection-that-forces-him-to-stand-for-two-days","status":"publish","type":"post","link":"https:\/\/www.best-dentist-dentistry.com\/de\/evo-morales-suffers-from-an-infection-that-forces-him-to-stand-for-two-days\/34984","title":{"rendered":"Evo Morales leidet unter einer Infektion, die zwingt ihn, f\u00fcr zwei Tage zu stehen"},"content":{"rendered":"<p class=\"first\"> La Paz, 24 APR (EFE).-der Pr\u00e4sident von Bolivien, Evo Morales, Leiden eine &#8220;starke Infektion&#8221;, die ihn, ruhelosigkeit und verhindert seine \u00f6ffentliche Tagesordnung der letzten zwei Tage besuchen zu halten gezwungen hat, sagte heute seines Vizepr\u00e4sidenten Alvaro Garcia Linera.<\/p>\n<p>Im Rahmen einer Zeremonie in der n\u00f6rdlichen Region von Pando, an der Grenze zu Brasilien, Linera sagt, dass Morales, 52, &#8220;hat eine starke Infektion gegeben&#8221;, auch wenn es nicht, welche Art angegeben haben.<\/p>\n<p>&#8220;Die \u00c4rzte Sie in La Paz bleiben musste. Gestern (Montag) Er ist nicht gereist, heute wurde nicht in der Lage zu reisen. Wir hoffen, dass morgen unser Pr\u00e4sident bereits wiederhergestellt werden kann. Es ist nicht etwas Ernst, &#8220;hinzugef\u00fcgt.<\/p>\n<p>Im M\u00e4rz Morales wurde daraufhin dringend in einer Privatklinik in der zentralen Stadt Cochabamba und ausgesetzt ohne Ank\u00fcndigung seiner Agenda, nach der ersten offiziellen Fassungen f\u00fcr routinem\u00e4\u00dfige Vorsorgeuntersuchungen, aber dann Quellen die Regierung sprach von &#8220;M\u00fcdigkeit&#8221;.<\/p>\n<p>&#8220;Als del Sol (der Pr\u00e4sident) geht von einer Seite zur anderen und das der K\u00f6rper h\u00e4lt nicht. Sechs Jahre des Lebens nun Pr\u00e4sident Tempo seit dem 22. Januar 2006 bisher, und jede Maschine hat seine Probleme, &#8220;sagte dann Linera.<\/p>\n<p>Morales erhielt hoch zwei Tage sp\u00e4ter mit der Empfehlung der \u00c4rzte &#8220;Pflege f\u00fcr ihre Nahrung&#8221; und passen Sie ihre Zeitpl\u00e4ne f\u00fcr Mahlzeiten, hinzugef\u00fcgt am diesem Anlass Beamten.<\/p>\n<p>Bekannt f\u00fcr wenig Schlaf und Beschw\u00f6rung von Botschafter oder milit\u00e4risch vor dem Morgengrauen, Morales empfohlen im Januar, die seinen Ministern, die sie schlafen gut, da es umso wichtiger ist, Essen, schlafen, Angabe, dass &#8220;Wenn Sie nicht schlafen, leicht kann man N\u00fcsse&#8221;.<\/p>\n<p>Der bolivianischen Pr\u00e4sidenten wurde im November 2010 von Sehnenentz\u00fcndung im linken Knie in der gleichen Klinik in Cochabamba, wo er wurde ins Krankenhaus eingeliefert betrieben March. Letzter<\/p>\n","protected":false},"excerpt":{"rendered":"<p>La Paz, 24 APR (EFE).-der Pr\u00e4sident von Bolivien, Evo Morales, Leiden eine &#8220;starke Infektion&#8221;, die ihn, ruhelosigkeit und verhindert seine \u00f6ffentliche Tagesordnung der letzten zwei Tage besuchen zu halten gezwungen hat, sagte heute seines Vizepr\u00e4sidenten Alvaro Garcia Linera. Im Rahmen einer Zeremonie in der n\u00f6rdlichen Region von Pando, an der Grenze zu Brasilien, Linera sagt, [&hellip;]<\/p>\n","protected":false},"author":1,"featured_media":0,"comment_status":"close","ping_status":"open","sticky":false,"template":"","format":"standard","meta":{"footnotes":""},"categories":[3],"tags":[45074],"class_list":["post-34984","post","type-post","status-publish","format-standard","hentry","category-allgemeine","tag-berqueren","et-doesnt-have-format-content","et_post_format-et-post-format-standard"],"_links":{"self":[{"href":"https:\/\/www.best-dentist-dentistry.com\/de\/wp-json\/wp\/v2\/posts\/34984","targetHints":{"allow":["GET"]}}],"collection":[{"href":"https:\/\/www.best-dentist-dentistry.com\/de\/wp-json\/wp\/v2\/posts"}],"about":[{"href":"https:\/\/www.best-dentist-dentistry.com\/de\/wp-json\/wp\/v2\/types\/post"}],"author":[{"embeddable":true,"href":"https:\/\/www.best-dentist-dentistry.com\/de\/wp-json\/wp\/v2\/users\/1"}],"replies":[{"embeddable":true,"href":"https:\/\/www.best-dentist-dentistry.com\/de\/wp-json\/wp\/v2\/comments?post=34984"}],"version-history":[{"count":0,"href":"https:\/\/www.best-dentist-dentistry.com\/de\/wp-json\/wp\/v2\/posts\/34984\/revisions"}],"wp:attachment":[{"href":"https:\/\/www.best-dentist-dentistry.com\/de\/wp-json\/wp\/v2\/media?parent=34984"}],"wp:term":[{"taxonomy":"category","embeddable":true,"href":"https:\/\/www.best-dentist-dentistry.com\/de\/wp-json\/wp\/v2\/categories?post=34984"},{"taxonomy":"post_tag","embeddable":true,"href":"https:\/\/www.best-dentist-dentistry.com\/de\/wp-json\/wp\/v2\/tags?post=34984"}],"curies":[{"name":"wp","href":"https:\/\/api.w.org\/{rel}","templated":true}]}}