{"id":34995,"date":"2013-02-20T02:30:33","date_gmt":"2013-02-20T02:30:33","guid":{"rendered":null},"modified":"-0001-11-30T00:00:00","modified_gmt":"-0001-11-30T00:00:00","slug":"wages-in-bolivia-protest-leaves-wounded-and-detainees","status":"publish","type":"post","link":"https:\/\/www.best-dentist-dentistry.com\/de\/wages-in-bolivia-protest-leaves-wounded-and-detainees\/34995","title":{"rendered":"L\u00f6hne in Bolivien zu protestieren, Bl\u00e4tter, die Verwundeten und Gefangenen"},"content":{"rendered":"<p class=\"first\"> LA PAZ (Reuters) &#8211; mindestens 10 Polizisten wurden verletzt und drei Demonstranten wurden verhaftet, Dienstag am Ende einer Masse Gewerkschaft M\u00e4rz, das ersch\u00fcttert das Zentrum von La Paz, in den ersten zwei Tagen der Proteste in Bolivien, bessere L\u00f6hne zu fordern.<\/p>\n<p>Schocks, die die Regierung auf die Aktionen von &#8220;provokative Infiltratoren&#8221; in der Marsch zur\u00fcckzuf\u00fchren und Gewerkschaftsf\u00fchrer beschuldigten die Polizeirepression, erh\u00f6hte soziale Spannungen, die gegen\u00fcber der Regierung von Evo Morales durch eine Summe von Konflikten in mehreren Bezirken.<\/p>\n<p>, Aber die Regierung war noch zeigen feste beide L\u00f6hne zu protestieren, wie vor ein paralleler Streik in fast vier Wochen der \u00c4rzte in \u00f6ffentlichen Krankenh\u00e4usern und dem bevorstehenden Beginn der neue Marsch der indigenen Amazonians gegen ein Stra\u00dfenbauprojekt im Dschungel.<\/p>\n<p>&#8220;\u00dcber das Land, wir arbeiten heute mit praktisch absolute Normalit\u00e4t&#8221;, sagte bei Pressekonferenz, die der Minister, Carlos Romero, zum Auswerten des Protests in der Central Obrera Boliviana (COB) hatte als ein &#8220;Generalstreik&#8221; einberufen worden.<\/p>\n<p>Der F\u00fchrer der COB, Juan Carlos Trujillo, zum Reporter zugelassen, gab es keine Unterbrechung der Arbeit in jedem Sektor, au\u00dfer Gesundheitsdienste betroffen durch den Streik gegen ein Dekret, das die Pflicht, in diesem Sektor von sechs bis acht Stunden am Tag uns ausl\u00f6st.<\/p>\n<p>&#8220;Wir haben gesagt, dass wir einen Kampf beginnen und bereits einen Generalstreik auf unbestimmte Zeit vorbereitet,&#8221; f\u00fcgte er hinzu.<\/p>\n<p>Romero sagte, dass f\u00fcnf verletzte Polizisten wurden in ein medizinisches Zentrum mit Wunden, verursacht durch die Explosion der &#8220;Welpen&#8221; oder kleine Dynamit Abgaben geschleudert von Demonstranten interniert, und ihr Leben nicht gef\u00e4hrdet.<\/p>\n<p>Die festgenommenen Demonstranten w\u00fcrden beauftragt werden, Angriff auf die Polizei und die illegale Verwendung von Sprengstoffen, sagte Polizei-Quellen zitiert von Lokalfernsehen.<\/p>\n<p>Die Regierung hat von 18 Prozent nationalen Mindestlohn, zum Auffinden von es von umgerechnet 142 Dollar pro Monat, nach oben und der Rest der Geh\u00e4lter um durchschnittlich von 7 Prozent, kaum Aufrechnung Inflation Einzelhandel angesammelt im vergangenen Jahr.<\/p>\n<p>The COB hat stattdessen ein Lohnsystem, die effektiv den &#8220;Korb&#8221; Kosten sch\u00e4tzungsweise $ 1.200 pro Monat f\u00fcr eine Familie von f\u00fcnf Mitglieder decken ausgel\u00f6st.<\/p>\n<p>(Carlos A. Quiroga Bericht, herausgegeben von Patricia Avila)<\/p>\n","protected":false},"excerpt":{"rendered":"<p>LA PAZ (Reuters) &#8211; mindestens 10 Polizisten wurden verletzt und drei Demonstranten wurden verhaftet, Dienstag am Ende einer Masse Gewerkschaft M\u00e4rz, das ersch\u00fcttert das Zentrum von La Paz, in den ersten zwei Tagen der Proteste in Bolivien, bessere L\u00f6hne zu fordern. Schocks, die die Regierung auf die Aktionen von &#8220;provokative Infiltratoren&#8221; in der Marsch zur\u00fcckzuf\u00fchren [&hellip;]<\/p>\n","protected":false},"author":1,"featured_media":0,"comment_status":"close","ping_status":"open","sticky":false,"template":"","format":"standard","meta":{"footnotes":""},"categories":[3],"tags":[45077],"class_list":["post-34995","post","type-post","status-publish","format-standard","hentry","category-allgemeine","tag-rindfleisch-steuerelemente","et-doesnt-have-format-content","et_post_format-et-post-format-standard"],"_links":{"self":[{"href":"https:\/\/www.best-dentist-dentistry.com\/de\/wp-json\/wp\/v2\/posts\/34995","targetHints":{"allow":["GET"]}}],"collection":[{"href":"https:\/\/www.best-dentist-dentistry.com\/de\/wp-json\/wp\/v2\/posts"}],"about":[{"href":"https:\/\/www.best-dentist-dentistry.com\/de\/wp-json\/wp\/v2\/types\/post"}],"author":[{"embeddable":true,"href":"https:\/\/www.best-dentist-dentistry.com\/de\/wp-json\/wp\/v2\/users\/1"}],"replies":[{"embeddable":true,"href":"https:\/\/www.best-dentist-dentistry.com\/de\/wp-json\/wp\/v2\/comments?post=34995"}],"version-history":[{"count":0,"href":"https:\/\/www.best-dentist-dentistry.com\/de\/wp-json\/wp\/v2\/posts\/34995\/revisions"}],"wp:attachment":[{"href":"https:\/\/www.best-dentist-dentistry.com\/de\/wp-json\/wp\/v2\/media?parent=34995"}],"wp:term":[{"taxonomy":"category","embeddable":true,"href":"https:\/\/www.best-dentist-dentistry.com\/de\/wp-json\/wp\/v2\/categories?post=34995"},{"taxonomy":"post_tag","embeddable":true,"href":"https:\/\/www.best-dentist-dentistry.com\/de\/wp-json\/wp\/v2\/tags?post=34995"}],"curies":[{"name":"wp","href":"https:\/\/api.w.org\/{rel}","templated":true}]}}