{"id":35046,"date":"2013-02-20T02:34:30","date_gmt":"2013-02-20T02:34:30","guid":{"rendered":null},"modified":"-0001-11-30T00:00:00","modified_gmt":"-0001-11-30T00:00:00","slug":"thousands-of-spaniards-march-against-austerity-on-may-1","status":"publish","type":"post","link":"https:\/\/www.best-dentist-dentistry.com\/de\/thousands-of-spaniards-march-against-austerity-on-may-1\/35046","title":{"rendered":"Tausende Spanier M\u00e4rz gegen Sparma\u00dfnahmen am 1"},"content":{"rendered":"<p class=\"first\"> MADRID (Reuters) &#8211; Tausende Spanier nahmen am Sonntag auf die Stra\u00dfe, protestieren gegen die K\u00fcrzungen und Sparma\u00dfnahmen Plan, die die spanische Regierung als der einzige Ausweg aus der Krise verteidigt und die Rezession, die gef\u00fchrt hat, und mehr als 5,5 Millionen Menschen Arbeitslosigkeit.<\/p>\n<p>&#8220;In 80 <span class=\"yshortcuts\"id=\"lw_1335874932_6\"> St\u00e4dten in Spanien<\/span> fast 1 Million Arbeitnehmer sind auf den Stra\u00dfen, die nicht zu einem Verst\u00e4ndnis sozialer Beziehungen zu sagen&#8221;, sagte Ignacio Fernandez-Toxo, Generalsekret\u00e4r des Comisiones Obreras in Madrids Puerta del Sol am Ende der Demonstration von UGT und CCOO. Licerada<\/p>\n<p>Beide F\u00fchrer k\u00fcndigte neue Mobilisierungen um die Krise um die M\u00f6glichkeit, das soziale Wohlfahrt-Modell zu zerst\u00f6ren werden zu verhindern, aber erw\u00e4hnt nicht die M\u00f6glichkeit der Einberufung einer anderen Generalstreik.<\/p>\n<p>&#8220;War nicht der letzte Tag (29. M\u00e4rz), am 1 Mai ist nicht das Ende.&#8221; Wir gehen auf die Stra\u00dfe bis diese \u00c4nderung&#8221;, sagte der Leiter der Comisiones Obreras. &#8220;Nicht gehen, um zu erreichen, da die Staatsangeh\u00f6rigkeit dieses Landes zunehmend bewusster, was ist passiert&#8221;, f\u00fcgte er hinzu.<\/p>\n<p>Zahlreiche B\u00fcrgerschaft forderte eine intermittierende Regen und einer langen Br\u00fccke von zwei Feiertage in Madrid und, wie Sonntag, die Demonstrationen schien weniger, dass die letzten Monat anl\u00e4sslich der Generalstreik statt nahm er auf die Stra\u00dfe um Hunderttausende von B\u00fcrgern gegen die j\u00fcngste Reform der Arbeit, die die Entlassung verbilligt.<\/p>\n<p>Laut den Gewerkschaften, Madrid nahm die 1 \u00b0 Mai rund 100.000 Menschen, und in allen Spanien fast 1 Million B\u00fcrger, Polizei Figuren, die nicht gegen\u00fcbergestellt werden k\u00f6nnte Quellen.<\/p>\n<p>&#8220;Wir nicht normalerweise marschierten, aber in diesem Jahr mit alle Schnitte, f\u00fchlen wir, dass wir protestieren m\u00fcssen. Ich arbeite in der Gemeinschaft von Madrid, und wir sehen viele Entlassungen, l\u00e4ngere Arbeitszeiten und weniger Lohn &#8220;, sagte Victoria Ruder, 54-J\u00e4hrige, der Nachrichtenagentur Reuters im Herzen von Madrid.<\/p>\n<p>Am Sonntag, Rajoy verteidigte seine Reformagenda als wesentlich f\u00fcr die Bew\u00e4ltigung des Landes tiefen wirtschaftlichen Krise, und k\u00fcndigte die Fortf\u00fchrung Genehmigung jeden Freitag neuen Ma\u00dfnahmen, um das Land auf den Weg des Wachstums zur\u00fcckkehren.<\/p>\n<p>The Executive hat k\u00fcrzlich vorgeschlagen, Speichern von 10 Milliarden Euro im Bildungs- und Gesundheitswesen in ihren Bem\u00fchungen um eine drastische Absenkung des \u00f6ffentlichen Defizits auf 8,5 Prozent des Bruttoinlandsprodukts in 2011 bis zu 3,0 Prozent im Jahr 2013 Ziele der Europ\u00e4ischen Union verh\u00e4ngt.<\/p>\n","protected":false},"excerpt":{"rendered":"<p>MADRID (Reuters) &#8211; Tausende Spanier nahmen am Sonntag auf die Stra\u00dfe, protestieren gegen die K\u00fcrzungen und Sparma\u00dfnahmen Plan, die die spanische Regierung als der einzige Ausweg aus der Krise verteidigt und die Rezession, die gef\u00fchrt hat, und mehr als 5,5 Millionen Menschen Arbeitslosigkeit. &#8220;In 80 St\u00e4dten in Spanien fast 1 Million Arbeitnehmer sind auf den [&hellip;]<\/p>\n","protected":false},"author":1,"featured_media":0,"comment_status":"close","ping_status":"open","sticky":false,"template":"","format":"standard","meta":{"footnotes":""},"categories":[3],"tags":[45103],"class_list":["post-35046","post","type-post","status-publish","format-standard","hentry","category-allgemeine","tag-rappen","et-doesnt-have-format-content","et_post_format-et-post-format-standard"],"_links":{"self":[{"href":"https:\/\/www.best-dentist-dentistry.com\/de\/wp-json\/wp\/v2\/posts\/35046","targetHints":{"allow":["GET"]}}],"collection":[{"href":"https:\/\/www.best-dentist-dentistry.com\/de\/wp-json\/wp\/v2\/posts"}],"about":[{"href":"https:\/\/www.best-dentist-dentistry.com\/de\/wp-json\/wp\/v2\/types\/post"}],"author":[{"embeddable":true,"href":"https:\/\/www.best-dentist-dentistry.com\/de\/wp-json\/wp\/v2\/users\/1"}],"replies":[{"embeddable":true,"href":"https:\/\/www.best-dentist-dentistry.com\/de\/wp-json\/wp\/v2\/comments?post=35046"}],"version-history":[{"count":0,"href":"https:\/\/www.best-dentist-dentistry.com\/de\/wp-json\/wp\/v2\/posts\/35046\/revisions"}],"wp:attachment":[{"href":"https:\/\/www.best-dentist-dentistry.com\/de\/wp-json\/wp\/v2\/media?parent=35046"}],"wp:term":[{"taxonomy":"category","embeddable":true,"href":"https:\/\/www.best-dentist-dentistry.com\/de\/wp-json\/wp\/v2\/categories?post=35046"},{"taxonomy":"post_tag","embeddable":true,"href":"https:\/\/www.best-dentist-dentistry.com\/de\/wp-json\/wp\/v2\/tags?post=35046"}],"curies":[{"name":"wp","href":"https:\/\/api.w.org\/{rel}","templated":true}]}}