{"id":35145,"date":"2013-02-23T02:32:36","date_gmt":"2013-02-23T02:32:36","guid":{"rendered":null},"modified":"-0001-11-30T00:00:00","modified_gmt":"-0001-11-30T00:00:00","slug":"pajin-said-that-the-measures-of-the-consell-in-health-are-the-most-serious-in-30-years-of-democracy","status":"publish","type":"post","link":"https:\/\/www.best-dentist-dentistry.com\/de\/pajin-said-that-the-measures-of-the-consell-in-health-are-the-most-serious-in-30-years-of-democracy\/35145","title":{"rendered":"Pajin sagte, dass die Ma\u00dfnahmen von dem Consell im Gesundheitswesen die schwerwiegendsten in 30 Jahren der Demokratie"},"content":{"rendered":"<p class=\"first\"> Valencia, 28 APR (<span class=\"yshortcuts\" id=\"lw_1335606249_1\"> EFE<\/span>).-das ehemalige Minister f\u00fcr <span class=\"yshortcuts\" id=\"lw_1335606249_0\"> Gesundheit Leire Pajin<\/span> heute sagte gesagt EFE, die die Ma\u00dfnahmen angek\u00fcndigt, durch die Regierung von Valencia-Gesundheit &#8220;die schwerwiegendsten beziehen sich auf&#8221; in den letzten 30 Jahren der Demokratie und &#8220;Formular l\u00f6schen demontieren &rsquo; Wohlergehen.<\/p>\n<p>&#8220;Valencianer unterzogen wurden Jahre Experiment an einem Modell der Privatisierung, die jetzt erweitert wird&#8221;, erkl\u00e4rte die Abgeordnete der PSPV-PSOE allgemeine.<\/p>\n<p>Vice President f\u00fcr die Generalit\u00c3 \u00a4 t, Jos\u00e9 C\u00edscar, berichtete gestern, dass die valencianische Regierung ein neues Modell f\u00fcr das \u00f6ffentliche Gesundheitswesen bereitet, basierend auf &#8220;den Grad der \u00f6ffentlich-privaten Partnerschaft intensivieren&#8221; bereits bestehende &#8220;praktisch alle&#8221; nicht-Gesundheitsdiensten und einige zus\u00e4tzliche Vorteile.<\/p>\n<p>Nach Ciscar dieses &#8220;Modell \u00e4ndern&#8221;, die im Januar 2013 in Kraft treten wird und 443 Millionen Euro pro Jahr sparen, ist die Valencianer in Zukunft eine \u00f6ffentliche, universale, freie und nachhaltige Gesundheit sicherzustellen.<\/p>\n<p>Leire Paj\u00edn erz\u00e4hlte Efe, die &#8220;dringende Erscheinung&#8221; bestellt haben, in Les Corts des Pr\u00e4sidenten der Generalitat, Alberto Fabra, so erkl\u00e4ren die Valencianer &#8220;der Grund f\u00fcr diese Aktion&#8221;.<\/p>\n<p>Seiner Ansicht Fabra &#8220;verwendet die Entschuldigung der Krise um zu spielen f\u00fcr eine Privatisierung Modell und Unternehmen, das immer geglaubt haben&#8221;, und wies darauf hin, dass mit diesem Modell &#8220;Sozialstaat deutlich abgebaut weil sie Gesch\u00e4ftsgegenstand, und nicht die Universalit\u00e4t und kostenlose Nutzung der Gesundheit gebracht&#8221;.<\/p>\n<p>Nach Pajin, ist &#8220;priorisiere Gesundheitsversorgung \u00fcber andere verschwenderischen Ausgaben&#8221;, dass sie weiterhin in der Region zu sein, und sagte, dass die Valencianer &#8220;teure Mi\u00dfwirtschaft und Verschwendung Zahlen&#8221;.<\/p>\n","protected":false},"excerpt":{"rendered":"<p>Valencia, 28 APR ( EFE).-das ehemalige Minister f\u00fcr Gesundheit Leire Pajin heute sagte gesagt EFE, die die Ma\u00dfnahmen angek\u00fcndigt, durch die Regierung von Valencia-Gesundheit &#8220;die schwerwiegendsten beziehen sich auf&#8221; in den letzten 30 Jahren der Demokratie und &#8220;Formular l\u00f6schen demontieren &rsquo; Wohlergehen. &#8220;Valencianer unterzogen wurden Jahre Experiment an einem Modell der Privatisierung, die jetzt erweitert [&hellip;]<\/p>\n","protected":false},"author":1,"featured_media":0,"comment_status":"close","ping_status":"open","sticky":false,"template":"","format":"standard","meta":{"footnotes":""},"categories":[3],"tags":[45150],"class_list":["post-35145","post","type-post","status-publish","format-standard","hentry","category-allgemeine","tag-greisenhaft","et-doesnt-have-format-content","et_post_format-et-post-format-standard"],"_links":{"self":[{"href":"https:\/\/www.best-dentist-dentistry.com\/de\/wp-json\/wp\/v2\/posts\/35145","targetHints":{"allow":["GET"]}}],"collection":[{"href":"https:\/\/www.best-dentist-dentistry.com\/de\/wp-json\/wp\/v2\/posts"}],"about":[{"href":"https:\/\/www.best-dentist-dentistry.com\/de\/wp-json\/wp\/v2\/types\/post"}],"author":[{"embeddable":true,"href":"https:\/\/www.best-dentist-dentistry.com\/de\/wp-json\/wp\/v2\/users\/1"}],"replies":[{"embeddable":true,"href":"https:\/\/www.best-dentist-dentistry.com\/de\/wp-json\/wp\/v2\/comments?post=35145"}],"version-history":[{"count":0,"href":"https:\/\/www.best-dentist-dentistry.com\/de\/wp-json\/wp\/v2\/posts\/35145\/revisions"}],"wp:attachment":[{"href":"https:\/\/www.best-dentist-dentistry.com\/de\/wp-json\/wp\/v2\/media?parent=35145"}],"wp:term":[{"taxonomy":"category","embeddable":true,"href":"https:\/\/www.best-dentist-dentistry.com\/de\/wp-json\/wp\/v2\/categories?post=35145"},{"taxonomy":"post_tag","embeddable":true,"href":"https:\/\/www.best-dentist-dentistry.com\/de\/wp-json\/wp\/v2\/tags?post=35145"}],"curies":[{"name":"wp","href":"https:\/\/api.w.org\/{rel}","templated":true}]}}