{"id":35161,"date":"2013-02-23T02:33:54","date_gmt":"2013-02-23T02:33:54","guid":{"rendered":null},"modified":"-0001-11-30T00:00:00","modified_gmt":"-0001-11-30T00:00:00","slug":"merkel-further-wind-farms-at-sea-due-to-the-energy-change","status":"publish","type":"post","link":"https:\/\/www.best-dentist-dentistry.com\/de\/merkel-further-wind-farms-at-sea-due-to-the-energy-change\/35161","title":{"rendered":"Merkel Weitere Windparks auf See aufgrund der Energie \u00c4nderung"},"content":{"rendered":"<p class=\"first\"> Berlin, 1. Mai (EFE).-die deutsche Bundeskanzlerin, Angela Merkel, f\u00f6rdert den Bau von Windparks auf hoher See und den Ausbau des Stromverteilungsnetzes in Deutschland als Teil ihrer Politik des Energie-\u00c4nderung nach der Entscheidung im letzten Jahr auf um Kernenergie bis zum Jahr 2022 zu verzichten.<\/p>\n<p>&#8220;Bereiten derzeit den Rechtsrahmen mit diesem Ziel&#8221;, sagte Merkel in Erweiterte Aussagen heute durch die rotierenden &#8220;Hamburger Abendblatt&#8221; von seiner morgens Edition, die das k\u00fcndigt den zweiten gro\u00dfen Projekt dieser Politik ist, Vertriebsnetze &#8220;um Windkraft von Norden nach S\u00fcden zu erhalten&#8221; zu erweitern.<\/p>\n<p>Kanzler betont, dass dies das zentrale Thema der Gespr\u00e4che, die an diesem Mittwoch in seinem B\u00fcro mit den zust\u00e4ndigen Ministern halten und die rangh\u00f6chsten Vertreter der gro\u00dfen deutschen elektrischen Fraktionen wird.<\/p>\n<p>&#8220;Wir m\u00fcssen gemeinsam l\u00f6sen einige wichtigen Fragen auf Windparks auf hoher See&#8221;, sagte Merkel, die betont, dass &#8220;die kommenden Monate werden entscheidend f\u00fcr die Umsetzung der Energie-\u00c4nderung&#8221;, sich auf die erneuerbaren Energien verlassen.<\/p>\n<p>Ihrerseits der deutsche Besitzer der Wirtschaft, die Liberalen Philipp R\u00f6sler, optimieren, planen die Energie-\u00c4nderung des Landes zu beschleunigen wollen und als &#8220;entscheidend, dass Unternehmen jetzt investieren&#8221;.<\/p>\n<p>&#8220;So schlage ich vor, den Planungsprozess f\u00fcr den Ausbau der Stromnetze und den Bau neuer Kraftwerke zu optimieren&#8221;, sagt R\u00f6ssler in Aussagen, die heute von seiner Morning Edition durchgef\u00fchrt Tageszeitung &#8220;Die Welt&#8221;.<\/p>\n<p>Deutsche Wirtschaft Minister k\u00fcndigt mit diesem Ziel die Ausarbeitung f\u00fcr Ende des Jahres der Entwurf eines Gesetzes zu bestimmen die Bed\u00fcrfnisse der Netzausbau und Vereinfachung der rechtlichen Verfahren mit Zust\u00e4ndigkeit f\u00fcr das Bundesverwaltungsgericht.<\/p>\n<p>Auch betont, dass die Bundesregierung mit der Europ\u00e4ischen Kommission zu sehen, bis zu diesem beraten wird darauf &#8220;Europ\u00e4ische Rechtsvorschriften, vor allem, dass \u00fcber die Umwelt, kann angepasst werden so dass die Entwicklung von Netzwerken schnell durchgef\u00fchrt wird.&#8221;.<\/p>\n<p>W\u00e4hrend beide, der F\u00fchrer der oppositionellen Sozialdemokratischen Partei (SPD), Sigmar Gabriel, hat die Regierung Merkel Scheitern in einem Projekt f\u00fcr die Energie-\u00c4nderung vorgeworfen.<\/p>\n<p>&#8220;Gerade in Entwicklung-Netzwerken oder in die F\u00f6rderung erneuerbarer Energien, sondern auch in Energieeffizienz oder der Sanierung von Geb\u00e4uden (um Energie zu sparen) haben erweiterte einen Schritt im letzten Jahr&#8221;, sagt Gabriel in Aussagen von &rsquo;Die Welt&rsquo; gleicherma\u00dfen durchgef\u00fchrt. EFE<\/p>\n","protected":false},"excerpt":{"rendered":"<p>Berlin, 1. Mai (EFE).-die deutsche Bundeskanzlerin, Angela Merkel, f\u00f6rdert den Bau von Windparks auf hoher See und den Ausbau des Stromverteilungsnetzes in Deutschland als Teil ihrer Politik des Energie-\u00c4nderung nach der Entscheidung im letzten Jahr auf um Kernenergie bis zum Jahr 2022 zu verzichten. &#8220;Bereiten derzeit den Rechtsrahmen mit diesem Ziel&#8221;, sagte Merkel in Erweiterte [&hellip;]<\/p>\n","protected":false},"author":1,"featured_media":0,"comment_status":"close","ping_status":"open","sticky":false,"template":"","format":"standard","meta":{"footnotes":""},"categories":[3],"tags":[],"class_list":["post-35161","post","type-post","status-publish","format-standard","hentry","category-allgemeine","et-doesnt-have-format-content","et_post_format-et-post-format-standard"],"_links":{"self":[{"href":"https:\/\/www.best-dentist-dentistry.com\/de\/wp-json\/wp\/v2\/posts\/35161","targetHints":{"allow":["GET"]}}],"collection":[{"href":"https:\/\/www.best-dentist-dentistry.com\/de\/wp-json\/wp\/v2\/posts"}],"about":[{"href":"https:\/\/www.best-dentist-dentistry.com\/de\/wp-json\/wp\/v2\/types\/post"}],"author":[{"embeddable":true,"href":"https:\/\/www.best-dentist-dentistry.com\/de\/wp-json\/wp\/v2\/users\/1"}],"replies":[{"embeddable":true,"href":"https:\/\/www.best-dentist-dentistry.com\/de\/wp-json\/wp\/v2\/comments?post=35161"}],"version-history":[{"count":0,"href":"https:\/\/www.best-dentist-dentistry.com\/de\/wp-json\/wp\/v2\/posts\/35161\/revisions"}],"wp:attachment":[{"href":"https:\/\/www.best-dentist-dentistry.com\/de\/wp-json\/wp\/v2\/media?parent=35161"}],"wp:term":[{"taxonomy":"category","embeddable":true,"href":"https:\/\/www.best-dentist-dentistry.com\/de\/wp-json\/wp\/v2\/categories?post=35161"},{"taxonomy":"post_tag","embeddable":true,"href":"https:\/\/www.best-dentist-dentistry.com\/de\/wp-json\/wp\/v2\/tags?post=35161"}],"curies":[{"name":"wp","href":"https:\/\/api.w.org\/{rel}","templated":true}]}}