{"id":3522,"date":"2012-02-15T10:00:35","date_gmt":"2012-02-15T10:00:35","guid":{"rendered":null},"modified":"-0001-11-30T00:00:00","modified_gmt":"-0001-11-30T00:00:00","slug":"inflammatory-bowel-disease-adds-2000-new-cases-a-year-in-spain","status":"publish","type":"post","link":"https:\/\/www.best-dentist-dentistry.com\/de\/inflammatory-bowel-disease-adds-2000-new-cases-a-year-in-spain\/3522","title":{"rendered":"Entz\u00fcndliche Darmerkrankungen f\u00fcgt 2.000 Neuerkrankungen pro Jahr in Spanien"},"content":{"rendered":"<p class=\"first\"> <span class=\"yshortcuts\" id=\"lw_1329315711_0\"> BARCELONA<\/span>, 15 (<span class=\"yshortcuts\" id=\"lw_1329315711_1\"> EUROPA PRESS<\/span>)<\/p>\n<p><span class=\"yshortcuts\" id=\"lw_1329315711_2\"> entz\u00fcndliche Darmerkrankungen<\/span> (<span class=\"yshortcuts\" id=\"lw_1329315711_3\"> IBD<\/span>) zus\u00e4tzlich ca. 2.000 Neuerkrankungen pro Jahr in <span class=\"yshortcuts\" id=\"lw_1329315711_4\"> Spanien<\/span>, und <span class=\"yshortcuts\" id=\"lw_1329315711_5\"> Experten<\/span> sch\u00e4tzen, die derzeit 15 pro 100.000 Spanier <span class=\"yshortcuts\" id=\"lw_1329315711_6\"> Morbus Crohn<\/span> leiden und etwa 10 <span class=\"yshortcuts\" id=\"lw_1329315711_7\"> Colitis ulcerosa<\/span> leiden.<\/p>\n<p><span class=\"yshortcuts\" id=\"lw_1329315711_8\"> Daten<\/span> wurden anl\u00e4sslich des Kongresses VII der Europ\u00e4ischen Organisation der Krankheit Morbus Crohn und Colitis ulcerosa, in Barcelona zwischen Donnerstag und Samstag stattfindet, und der darauf abzielt, die Sensibilisierung f\u00fcr die Zuweisung dieser Erkrankungen und die Verbesserung der Behandlung ver\u00f6ffentlicht.<\/p>\n<p>La IBD verursacht einen R\u00fcckgang der Lebensqualit\u00e4t von Patienten mit gro\u00dfer physischer und psychischer Wirkung laut den Experten, die die Magen-Darm-Wirkung von diesen Beschwerden beitreten werden.<\/p>\n<p>F\u00fcr deshalb der Europ\u00e4ischen F\u00f6deration der Morbus Crohn und Colitis ulcerosa (Efcca) die Join der Kampf gegen die IBD-Initiative ins Leben gerufen hat, die gewesen trat dem Bund der Vereinigungen der erkrankten Crohn Krankheit und Colitis ulcerosa von Spanien (Accu) und die spanische Arbeitsgruppe Morbus Crohn und Colitis ulcerosa (Geteccu).<\/p>\n<p>The Congress wird auch dazu dienen, die zeigen, dass es eine chronische, fortschreitende Krankheit und das Generieren einer Behinderung, weshalb Experten bestimmte Einheiten zur Durchf\u00fchrung eines umfassenden Konzepts f\u00fcr diese Krankheiten rechtfertigen.<\/p>\n<p>Bei der Crohn Krankheit, beide Verb\u00e4nde haben daf\u00fcr gesorgt, dass 16 Prozent der Patienten sind nicht imstande, mit einem Durchschnittsalter von 39 Jahren, arbeiten, w\u00e4hrend die H\u00e4lfte von ihnen wurde in ein Krankenhaus durchschnittlich 24 Tage eingegeben.<\/p>\n<p>Einer jeden f\u00fcnf Patienten, dar\u00fcber hinaus hat in den vergangenen zwei Jahren betrieben wurde, und 40 % der Kranken hat \u00fcber ein Jahr diagnostiziert werden, weil die Symptome ist unspezifisch und vielf\u00e4ltig.<\/p>\n","protected":false},"excerpt":{"rendered":"<p>BARCELONA, 15 ( EUROPA PRESS) entz\u00fcndliche Darmerkrankungen ( IBD) zus\u00e4tzlich ca. 2.000 Neuerkrankungen pro Jahr in Spanien, und Experten sch\u00e4tzen, die derzeit 15 pro 100.000 Spanier Morbus Crohn leiden und etwa 10 Colitis ulcerosa leiden. Daten wurden anl\u00e4sslich des Kongresses VII der Europ\u00e4ischen Organisation der Krankheit Morbus Crohn und Colitis ulcerosa, in Barcelona zwischen Donnerstag [&hellip;]<\/p>\n","protected":false},"author":1,"featured_media":0,"comment_status":"close","ping_status":"open","sticky":false,"template":"","format":"standard","meta":{"footnotes":""},"categories":[3],"tags":[11731,11732,11733,11734],"class_list":["post-3522","post","type-post","status-publish","format-standard","hentry","category-allgemeine","tag-etrifft","tag-darmerkrankungen","tag-fgt","tag-neuerkrankungen","et-doesnt-have-format-content","et_post_format-et-post-format-standard"],"_links":{"self":[{"href":"https:\/\/www.best-dentist-dentistry.com\/de\/wp-json\/wp\/v2\/posts\/3522","targetHints":{"allow":["GET"]}}],"collection":[{"href":"https:\/\/www.best-dentist-dentistry.com\/de\/wp-json\/wp\/v2\/posts"}],"about":[{"href":"https:\/\/www.best-dentist-dentistry.com\/de\/wp-json\/wp\/v2\/types\/post"}],"author":[{"embeddable":true,"href":"https:\/\/www.best-dentist-dentistry.com\/de\/wp-json\/wp\/v2\/users\/1"}],"replies":[{"embeddable":true,"href":"https:\/\/www.best-dentist-dentistry.com\/de\/wp-json\/wp\/v2\/comments?post=3522"}],"version-history":[{"count":0,"href":"https:\/\/www.best-dentist-dentistry.com\/de\/wp-json\/wp\/v2\/posts\/3522\/revisions"}],"wp:attachment":[{"href":"https:\/\/www.best-dentist-dentistry.com\/de\/wp-json\/wp\/v2\/media?parent=3522"}],"wp:term":[{"taxonomy":"category","embeddable":true,"href":"https:\/\/www.best-dentist-dentistry.com\/de\/wp-json\/wp\/v2\/categories?post=3522"},{"taxonomy":"post_tag","embeddable":true,"href":"https:\/\/www.best-dentist-dentistry.com\/de\/wp-json\/wp\/v2\/tags?post=3522"}],"curies":[{"name":"wp","href":"https:\/\/api.w.org\/{rel}","templated":true}]}}