{"id":35269,"date":"2013-02-24T05:30:38","date_gmt":"2013-02-24T05:30:38","guid":{"rendered":null},"modified":"-0001-11-30T00:00:00","modified_gmt":"-0001-11-30T00:00:00","slug":"the-future-of-the-health-management-focus-the-inaugural-presentation-of-the-12-days-of-aeqcv-that-will-be-held-in-valencia-on-22-and-23-february","status":"publish","type":"post","link":"https:\/\/www.best-dentist-dentistry.com\/de\/the-future-of-the-health-management-focus-the-inaugural-presentation-of-the-12-days-of-aeqcv-that-will-be-held-in-valencia-on-22-and-23-february\/35269","title":{"rendered":"Die Zukunft der Gesundheitsmanagement konzentrieren die erste Pr\u00e4sentation der 12 Tage AEQCV, die in Valencia am 22 stattfinden wird und 23 Februar."},"content":{"rendered":"<p><strong> Die Zukunft der Gesundheitsmanagement &#8221; konzentrieren, die erste Pr\u00e4sentation der 12 Tage AEQCV, die in Valencia am 22 stattfinden wird und 23 Februar.<\/strong> <\/p>\n<p><font size=\"2\">-PwC Gesundheit-Direktor, Jos\u00e9 Mar\u00eda Ruiz Ortega, Ignacio Riesgo, Pr\u00e4sident der AEGRIS, Julio J. Fern\u00e1ndez Garrido, Fakult\u00e4t der Dega D\u00b4Infermeria ich Podologie Universitat de Val\u00e8ncia oder Juan Jose Tirado Darder werden als Referenten in den wissenschaftlichen Sitzungen teilnehmen. <\/p>\n<p>-Die Er\u00f6ffnungsfeier geplant f\u00fcr Freitag, 22 Februar 09:30, wird von Isabel de Miguel Montoya, Leiter der Krankenpflege im Ministerium f\u00fcr Gesundheit besucht werden <\/p>\n<p> <strong>Valencia, Februar 2013.-<\/strong> Direktor der Gesundheit des multinationalen Konzerns consulting Firma Pricewaterhouse Coopers (PwC) Ignacio Riesgo, startet die wissenschaftlichen Sitzungen der 12 Tage chirurgische Krankenpflege der Region Valencia mit einem Vortrag unter dem Titel  die Zukunft das Gesundheitsmanagement &#8221;. Ignacio Riesgo ist ein Arzt Medizin und ist seit 1995 als Direktor der consulting-Teams in Gesundheit in gro\u00dfen internationalen Unternehmen gearbeitet hat. <\/p>\n<p>Mit dieser wissenschaftlichen Tagung feiert die Vereinigung der chirurgische Krankenpflege der Region Valencia die Ausgabe Nummer 12 ihre Konferenz, die mit dem Vorhandensein von Isabel de Miguel Montoya, Leiter der Krankenpflege im Ministerium f\u00fcr Gesundheit, bei der Er\u00f6ffnungsfeier z\u00e4hlen werden. <\/p>\n<p>Das wissenschaftliche Programm umfasst Vortr\u00e4ge, Pr\u00e4sentationen und Workshops Praktiken, die Themen wie Management der chirurgischen Bereich, Forschung und neue Entwicklungen in den verschiedenen chirurgischen Spezialit\u00e4ten usw. <\/p>\n<p align=\"center\"> <img loading=\"lazy\" decoding=\"async\" title=\"\" height=\"117\" alt=\"\" src=\"http:\/\/www.noticiasmedicas.es\/medicina\/content_images\/275\/2013_02\/244.JPG\" width=\"450\" align=\"baseline\" border=\"0\"\/><\/p>\n<p> Julio J. Fern\u00e1ndez Garrido, Fakult\u00e4t der Dega D\u00b4Infermeria ich Podologie Universitat de Val\u00e8ncia; Jos\u00e9 M\u00aa. Ruiz Ortega, Pr\u00e4sident der spanischen Management Association von Gesundheitsrisiken (AEGRIS) oder Angel Gimenez Sierra, Director, Manager der Abteilung von Salud de D\u00e9nia (Valencia), sind einige der Redner dieser wissenschaftlichen Tagung beteiligt, die darauf abzielt, \u00fcber die neuesten Entwicklungen in der Pflege in die chirurgische Spezialit\u00e4t zu lernen. <\/p>\n<p>Juan Jose Tirado Darder, Pr\u00e4sident des Colegio de Enfermeria de Valencia, schlie\u00dft die wissenschaftlichen Sitzungen mit einer Pr\u00e4sentation  im 21. Jahrhundert-Krankenpflege &#8221;. <\/p>\n<p>Wie in fr\u00fcheren Ausgaben verf\u00fcgt das Programm \u00fcber ein offenes Format f\u00fcr die Beteiligung der Teilnehmer, mit der Pr\u00e4sentation von wissenschaftlichen Ver\u00f6ffentlichungen im Poster und Oral-Format. W\u00e4hrend der Abschlussveranstaltung werden Awards f\u00fcr die beste m\u00fcndliche Kommunikation, und das beste Poster verteidigt. <\/p>\n<p>Sitzungen, profitieren auch von einer Einkaufsmeile, die Wasserwerke die innovativsten Produkte mit Bezug zu der chirurgische Krankenpflege zeigen wird. <\/p>\n<p><font size=\"2\"> <strong>AEQCV <br \/><\/strong> <br \/> die<\/font> <font size=\"2\"> chirurgische Krankenpflege des Vereins Gemeinschaft Valencia<\/font> <font size=\"2\"> wurde im Januar 1995 durch die gesellschaftliche Notwendigkeit f\u00fcr die Autonome Gemeinschaft Valencia-Gesundheit der professionelle Pflege, sich mit Pre, postoperative Pflege und chirurgischen Instrumenten. <\/p>\n<p>Zwischen ihren Aufgaben und Ziele ist die F\u00f6rderung von Specialty chirurgische Krankenpflege, wissenschaftliche Studie, Praxis, Lehre und Forschung, f\u00fcr ein besseres Verst\u00e4ndnis der medizinischen T\u00e4tigkeit zu f\u00f6rdern. <\/p>\n<p>Hier klicken, um das wissenschaftliche Programm anzeigen<\/font> <font size=\"2\"> hier<\/font> <font size=\"2\">. <\/p>\n<p><\/font><\/font><\/p>\n","protected":false},"excerpt":{"rendered":"<p>Die Zukunft der Gesundheitsmanagement &#8221; konzentrieren, die erste Pr\u00e4sentation der 12 Tage AEQCV, die in Valencia am 22 stattfinden wird und 23 Februar. -PwC Gesundheit-Direktor, Jos\u00e9 Mar\u00eda Ruiz Ortega, Ignacio Riesgo, Pr\u00e4sident der AEGRIS, Julio J. Fern\u00e1ndez Garrido, Fakult\u00e4t der Dega D\u00b4Infermeria ich Podologie Universitat de Val\u00e8ncia oder Juan Jose Tirado Darder werden als Referenten [&hellip;]<\/p>\n","protected":false},"author":1,"featured_media":0,"comment_status":"close","ping_status":"open","sticky":false,"template":"","format":"standard","meta":{"footnotes":""},"categories":[3],"tags":[45265,45264],"class_list":["post-35269","post","type-post","status-publish","format-standard","hentry","category-allgemeine","tag-aeqcv","tag-octopus","et-doesnt-have-format-content","et_post_format-et-post-format-standard"],"_links":{"self":[{"href":"https:\/\/www.best-dentist-dentistry.com\/de\/wp-json\/wp\/v2\/posts\/35269","targetHints":{"allow":["GET"]}}],"collection":[{"href":"https:\/\/www.best-dentist-dentistry.com\/de\/wp-json\/wp\/v2\/posts"}],"about":[{"href":"https:\/\/www.best-dentist-dentistry.com\/de\/wp-json\/wp\/v2\/types\/post"}],"author":[{"embeddable":true,"href":"https:\/\/www.best-dentist-dentistry.com\/de\/wp-json\/wp\/v2\/users\/1"}],"replies":[{"embeddable":true,"href":"https:\/\/www.best-dentist-dentistry.com\/de\/wp-json\/wp\/v2\/comments?post=35269"}],"version-history":[{"count":0,"href":"https:\/\/www.best-dentist-dentistry.com\/de\/wp-json\/wp\/v2\/posts\/35269\/revisions"}],"wp:attachment":[{"href":"https:\/\/www.best-dentist-dentistry.com\/de\/wp-json\/wp\/v2\/media?parent=35269"}],"wp:term":[{"taxonomy":"category","embeddable":true,"href":"https:\/\/www.best-dentist-dentistry.com\/de\/wp-json\/wp\/v2\/categories?post=35269"},{"taxonomy":"post_tag","embeddable":true,"href":"https:\/\/www.best-dentist-dentistry.com\/de\/wp-json\/wp\/v2\/tags?post=35269"}],"curies":[{"name":"wp","href":"https:\/\/api.w.org\/{rel}","templated":true}]}}