{"id":35272,"date":"2013-02-24T05:30:53","date_gmt":"2013-02-24T05:30:53","guid":{"rendered":null},"modified":"-0001-11-30T00:00:00","modified_gmt":"-0001-11-30T00:00:00","slug":"victor-manuel-joins-miguel-raos-at-the-gala-solidarity-in-favour-of-medicus-mundi","status":"publish","type":"post","link":"https:\/\/www.best-dentist-dentistry.com\/de\/victor-manuel-joins-miguel-raos-at-the-gala-solidarity-in-favour-of-medicus-mundi\/35272","title":{"rendered":"Victor Manuel tritt Miguel R\u00edos beim Gala Solidarit\u00e4t zugunsten von Medicus Mundi."},"content":{"rendered":"<p><strong>Victor Manuel trat Miguel R\u00edos in der Gala Solidarit\u00e4t im Medicus Mundi.<\/strong> <\/p>\n<p><font size=\"2\"> <strong>emblematischen Asturisch-S\u00e4nger tritt somit der Solidarit\u00e4t-Initiative f\u00fcr das Projekt von Medicus Mundi Asturien in Nicaragua zusammen mit Miguel Rios, Andreas Prittwitz, Chor der wei\u00dfen Stimmen der Nal\u00f3n und das Orchester der Kamera von Siero.<\/strong> <\/p>\n<p><strong>Spanien, Februar 2013.-<\/strong> Das Benefizkonzert findet am 16. M\u00e4rz im Theater des Laboral von Gij\u00f3n (Asturien) und Einnahmen gehen an das Charity-Projekt-Links, dem Kammerorchester, Hove, und den Bau und Ausr\u00fcstung von &#8220;Las Golondrinas&#8221;, Medicus Mundi G\u00e4stehaus f\u00fcr \u00dcberlebende Frauen Gewalt in die AcahualincaNicaragua. <\/p>\n<p align=\"center\"> <img loading=\"lazy\" decoding=\"async\" title=\"\" height=\"338\" alt=\"\" src=\"http:\/\/www.noticiasmedicas.es\/medicina\/content_images\/275\/2013_02\/246.jpg\" width=\"242\" align=\"baseline\" border=\"0\"\/> <br \/> <em><br \/> Poster des Konzerts<\/em><\/p>\n<p>, Medicusmundi feiert 50 Jahre mit der Wiederkehr des Miguel R\u00edos, nach deren Entzug der Szenarien, in ein Konzert, das einige ihre emblematischsten Lieder in symphonische Version, mit f\u00fcnfzig Mitgliedern des Orchesters der Kamera von Siero-Funktion wirddrei\u00dfig international ausgezeichnete junge Frauen Chor der wei\u00dfen Stimmen die Nal\u00f3n und mit der Anwesenheit des gro\u00dfen Saxophonisten Andreas Prittwitz, so respektiert in der Welt der Musik und des Jazz. In dieser herrlichen Besetzung der Musiker tritt jetzt S\u00e4ngerin Asturisch, Victor Manuel, wer, wie Miguel R\u00edos, verschiedene Themen in der sinfonischen Version durchf\u00fchrt. <\/p>\n<p>Verkauf von Eintrittskarten (20\u20ac) in den Eingang Laboral Stadt der Kultur, Niemeyer Zentrum in Avil\u00e9s, Einkaufszentren Netz von Geldautomaten Cajastur und 902 106 601, Parque Principado und Caudalia. <\/p>\n<p><\/font><\/p>\n","protected":false},"excerpt":{"rendered":"<p>Victor Manuel trat Miguel R\u00edos in der Gala Solidarit\u00e4t im Medicus Mundi. emblematischen Asturisch-S\u00e4nger tritt somit der Solidarit\u00e4t-Initiative f\u00fcr das Projekt von Medicus Mundi Asturien in Nicaragua zusammen mit Miguel Rios, Andreas Prittwitz, Chor der wei\u00dfen Stimmen der Nal\u00f3n und das Orchester der Kamera von Siero. Spanien, Februar 2013.- Das Benefizkonzert findet am 16. M\u00e4rz [&hellip;]<\/p>\n","protected":false},"author":1,"featured_media":0,"comment_status":"close","ping_status":"open","sticky":false,"template":"","format":"standard","meta":{"footnotes":""},"categories":[3],"tags":[45274,45273,45272],"class_list":["post-35272","post","type-post","status-publish","format-standard","hentry","category-allgemeine","tag-mundi","tag-ros","tag-victor","et-doesnt-have-format-content","et_post_format-et-post-format-standard"],"_links":{"self":[{"href":"https:\/\/www.best-dentist-dentistry.com\/de\/wp-json\/wp\/v2\/posts\/35272","targetHints":{"allow":["GET"]}}],"collection":[{"href":"https:\/\/www.best-dentist-dentistry.com\/de\/wp-json\/wp\/v2\/posts"}],"about":[{"href":"https:\/\/www.best-dentist-dentistry.com\/de\/wp-json\/wp\/v2\/types\/post"}],"author":[{"embeddable":true,"href":"https:\/\/www.best-dentist-dentistry.com\/de\/wp-json\/wp\/v2\/users\/1"}],"replies":[{"embeddable":true,"href":"https:\/\/www.best-dentist-dentistry.com\/de\/wp-json\/wp\/v2\/comments?post=35272"}],"version-history":[{"count":0,"href":"https:\/\/www.best-dentist-dentistry.com\/de\/wp-json\/wp\/v2\/posts\/35272\/revisions"}],"wp:attachment":[{"href":"https:\/\/www.best-dentist-dentistry.com\/de\/wp-json\/wp\/v2\/media?parent=35272"}],"wp:term":[{"taxonomy":"category","embeddable":true,"href":"https:\/\/www.best-dentist-dentistry.com\/de\/wp-json\/wp\/v2\/categories?post=35272"},{"taxonomy":"post_tag","embeddable":true,"href":"https:\/\/www.best-dentist-dentistry.com\/de\/wp-json\/wp\/v2\/tags?post=35272"}],"curies":[{"name":"wp","href":"https:\/\/api.w.org\/{rel}","templated":true}]}}