{"id":35314,"date":"2013-02-27T02:36:02","date_gmt":"2013-02-27T02:36:02","guid":{"rendered":null},"modified":"-0001-11-30T00:00:00","modified_gmt":"-0001-11-30T00:00:00","slug":"the-american-college-of-physicians-a-honorary-scholarship-awarded-to-the-president-of-the-spanish-society-of-internal-medicine","status":"publish","type":"post","link":"https:\/\/www.best-dentist-dentistry.com\/de\/the-american-college-of-physicians-a-honorary-scholarship-awarded-to-the-president-of-the-spanish-society-of-internal-medicine\/35314","title":{"rendered":"Das American College of Physicians erhielt ein Ehrenmitglied Stipendium an den Pr\u00e4sidenten der spanischen Gesellschaft f\u00fcr Innere Medizin"},"content":{"rendered":"<p class=\"first\"> MADRID, 3 (EUROPA PRESS)<\/p>\n<p><span class=\"yshortcuts\" id=\"lw_1336062438_8\"> The American College of Physicians<\/span> (ACP), w\u00e4hrend seine j\u00e4hrliche Konferenz gehalten in New Orleans, erhielt ein Stipendium der Ehrenpr\u00e4sident der <span class=\"yshortcuts\" id=\"lw_1336062438_1\"> spanischen Gesellschaft f\u00fcr Innere Medizin<\/span> (SEMI) und Direktor der Abteilung f\u00fcr Medizin interne der Hospital Costa del Sol, Javier Garc\u00eda Alegr\u00eda.<\/p>\n<p>Grad von der Universidad Complutense de Madrid und Doktor der Medizin an der Universit\u00e4t von C\u00f3rdoba, Freude Garcia wurde Pr\u00e4sident der spanischen Gesellschaft f\u00fcr Innere Medizin (SEMI) im Oktober 2010 nach vier Jahren Vizepr\u00e4sident der Gesellschaft benannt. Dar\u00fcber hinaus ist er Direktor des integrierten Fl\u00e4chenmanagement der Medizin vom Zentrum entfernt, wo er nach der Position des Chefarzt im Krankenhaus Universitario Reina Sofia von Cordoba lebte. <\/p>\n<p>Im Bereich Lehre Garcia Freude ist auch au\u00dferordentlicher Professor der Abteilung f\u00fcr Medizin an der Universit\u00e4t M\u00e1laga und Profesor Colaborador der andalusischen Schule der \u00f6ffentlichen Gesundheit und der Universidad Internacional de Andaluc\u00eda.<\/p>\n<p>Internationales Treffen<\/p>\n<p>Joy Garcia erhielt das Stipendium ehrt im Rahmen des internationalen Treffens organisiert j\u00e4hrlich von ACP um Erfahrungen auszutauschen und bieten an die F\u00fchrer der verschiedenen Verb\u00e4nden und nationalen Gesellschaften, die M\u00f6glichkeit, ein Forum wo man alle Aspekte der inneren Medizin, au\u00dferhalb ihrer Grenzen zu teilen haben.<\/p>\n<p>Dieser Zeit hat das Programm die M\u00f6glichkeit, Fragen \u00fcber Innere Medizin-Module, den Teilnehmern eine vorl\u00e4ufige Analyse der Inhalte f\u00fcr die Auswahl der wissenschaftlichen Sitzungen, die gehen enthalten.<\/p>\n<p>Eine Liste der Workshops und andere Veranstaltungen aus dem Jahr ausschlie\u00dflich f\u00fcr Studierende der Medizin, Bewohner und junge \u00c4rzte auch stattgefunden haben. Dar\u00fcber hinaus hatte dieses Treffen Sonderveranstaltungen und der neuesten Technologie und Kommunikation \u00fcber social Networking und video-Conferencing f\u00fcr Weiterverbreitung und Entladen von verschiedenen wissenschaftlichen Sitzungen. <\/p>\n","protected":false},"excerpt":{"rendered":"<p>MADRID, 3 (EUROPA PRESS) The American College of Physicians (ACP), w\u00e4hrend seine j\u00e4hrliche Konferenz gehalten in New Orleans, erhielt ein Stipendium der Ehrenpr\u00e4sident der spanischen Gesellschaft f\u00fcr Innere Medizin (SEMI) und Direktor der Abteilung f\u00fcr Medizin interne der Hospital Costa del Sol, Javier Garc\u00eda Alegr\u00eda. Grad von der Universidad Complutense de Madrid und Doktor der [&hellip;]<\/p>\n","protected":false},"author":1,"featured_media":0,"comment_status":"close","ping_status":"open","sticky":false,"template":"","format":"standard","meta":{"footnotes":""},"categories":[3],"tags":[45317],"class_list":["post-35314","post","type-post","status-publish","format-standard","hentry","category-allgemeine","tag-ehrenmitglied-stipendium","et-doesnt-have-format-content","et_post_format-et-post-format-standard"],"_links":{"self":[{"href":"https:\/\/www.best-dentist-dentistry.com\/de\/wp-json\/wp\/v2\/posts\/35314","targetHints":{"allow":["GET"]}}],"collection":[{"href":"https:\/\/www.best-dentist-dentistry.com\/de\/wp-json\/wp\/v2\/posts"}],"about":[{"href":"https:\/\/www.best-dentist-dentistry.com\/de\/wp-json\/wp\/v2\/types\/post"}],"author":[{"embeddable":true,"href":"https:\/\/www.best-dentist-dentistry.com\/de\/wp-json\/wp\/v2\/users\/1"}],"replies":[{"embeddable":true,"href":"https:\/\/www.best-dentist-dentistry.com\/de\/wp-json\/wp\/v2\/comments?post=35314"}],"version-history":[{"count":0,"href":"https:\/\/www.best-dentist-dentistry.com\/de\/wp-json\/wp\/v2\/posts\/35314\/revisions"}],"wp:attachment":[{"href":"https:\/\/www.best-dentist-dentistry.com\/de\/wp-json\/wp\/v2\/media?parent=35314"}],"wp:term":[{"taxonomy":"category","embeddable":true,"href":"https:\/\/www.best-dentist-dentistry.com\/de\/wp-json\/wp\/v2\/categories?post=35314"},{"taxonomy":"post_tag","embeddable":true,"href":"https:\/\/www.best-dentist-dentistry.com\/de\/wp-json\/wp\/v2\/tags?post=35314"}],"curies":[{"name":"wp","href":"https:\/\/api.w.org\/{rel}","templated":true}]}}