{"id":35333,"date":"2013-02-27T02:37:45","date_gmt":"2013-02-27T02:37:45","guid":{"rendered":null},"modified":"-0001-11-30T00:00:00","modified_gmt":"-0001-11-30T00:00:00","slug":"the-eu-countries-doubt-about-the-fund-to-fight-warming","status":"publish","type":"post","link":"https:\/\/www.best-dentist-dentistry.com\/de\/the-eu-countries-doubt-about-the-fund-to-fight-warming\/35333","title":{"rendered":"Den EU L\u00e4ndern Zweifel an den Fonds zur Bek\u00e4mpfung von Klimawandel"},"content":{"rendered":"<p class=\"first\"> Br\u00fcssel (Reuters)-die Nationen der Europ\u00e4ischen Union zum abdecken des Multimillionen-Dollar-Fonds zur Bek\u00e4mpfung des Klimawandels, schwankend sind, wie die Kommission mit den L\u00e4ndern, die Gespr\u00e4che zu tragen das Gewicht von den extremen Wetterbedingungen haben.<\/p>\n<p>Der Europ\u00e4ischen Union best\u00e4tigt seine Zusage zur Bereitstellung von 7,2 Milliarden Euro f\u00fcr den Fonds im Zeitraum 2010-2012, nach dem Entwurf von Schlussfolgerungen gesehen von Reuters vor einem Treffen der Finanzminister der Europ\u00e4ischen Union n\u00e4chste Woche stattfinden.<\/p>\n<p>, Aber danach ist die Menge des Geldes, die flie\u00dfen, wird ebenso unsicher wie die Text &#8211; vor dem Hintergrund der akuten Wirtschaftskrise Auswirkungen auf das Euro-W\u00e4hrungsgebiet-, da die Staaten nur die Notwendigkeit, &#8220;Mittel f\u00fcr das Klima von 2013 bis 2020 zu erweitern&#8221; ge\u00e4u\u00dfert haben, aber ohne Angabe wie.<\/p>\n<p>The Green Klima Fonds zielt auf Kanal bis zu 100 Milliarden Dollar (68,18 Millionen Euro) pro Jahr 2020 Hilfe Entwicklungsl\u00e4nder gegen die negativen Auswirkungen des Klimawandels.<\/p>\n<p>Auf dem Gipfel-Klima, das im vergangenen Jahr in der Stadt von Durban stattfand wurde Design vereinbart.<\/p>\n<p>F\u00fcr Klima Connie Hedegaard, EU-Kommissar k\u00e4mpft f\u00fcr das fragile Abkommen, mit dem Ziel des Haltens lebendig des Prozess der Vereinten Nationen \u00fcber Klima\u00e4nderungen.<\/p>\n<p>W\u00e4hrend der Montag und Dienstag, findet mehrere informelle Gespr\u00e4che in Br\u00fcssel mit Mitgliedern des was einige haben gefordert, &#8220;die Koalition Ehrgeiz&#8221;, Antizipation, so dass die Gespr\u00e4che, da\u00df es die UN in Bonn diesen Monat halten wird.<\/p>\n<p>Der Koalition ist die Union der Staaten der EU, das B\u00fcndnis der kleinen Insel Staaten und am wenigsten entwickelten L\u00e4nder, die eine f\u00fchrende Rolle, eine Einigung \u00fcber das Kyoto-Protokoll gegen die globale Erw\u00e4rmung bei Gespr\u00e4chen in Durban am Leben zu halten zu kn\u00fcpfen.<\/p>\n<p>&#8220;Ich habe eingeladen nach Br\u00fcssel heute und morgen eine Gruppe von 30 ehrgeizige L\u00e4nder, vertreten durch ihren Ministern zu diskutieren, wie wir halten diese Dynamik und weiterhin Ziele gemeinsam vorw\u00e4rts&#8221; Hedegaard sagte in einer Erkl\u00e4rung.<\/p>\n<p>&#8220;Terco&#8221;<\/p>\n<p>Der NGO Oxfam sagte die &#8220;Unnachgiebigkeit&#8221; einige Mitglieder der Europ\u00e4ischen Union, die Koalition gef\u00e4hrdet sind, da sie die Verpflichtungen zur Finanzierung von Verpflichtungen nach 2012 Befragung wurden.<\/p>\n<p>&#8220;Zu einem kritischen Zeitpunkt im Kampf gegen den Klimawandel, Europa scheint zu sitzen, anstatt Sie zu beschleunigen,&#8221; sagte Klimawandel Experte f\u00fcr Oxfam, liegt Craeynest.<\/p>\n<p>Debatte konzentriert sich auch auf wie gro\u00df etwas von dem Geld der Europ\u00e4ischen Union, in bestimmten 20,45 Millionen Euro von insgesamt 76 Milliarden aus dem Privatsektor kommen sollte die den Bedarf an \u00f6ffentlichen Mitteln verringern w\u00fcrde.<\/p>\n<p>Die Entwurf von Schlussfolgerungen des Ministertreffens der EU sagte, dass &#8220;Weitere Anstrengungen erforderlich sind, zu kl\u00e4ren, das Konzept der privaten Finanzierung und ihren Beitrag zu der Summe von $ 100 Milliarden&#8221;.<\/p>\n<p>Teil des Geldes k\u00f6nnte durch die Preise der Schifffahrt und Luftfahrt, werden, obwohl diese Quellen im Moment zweifelhaft sind.<\/p>\n<p>Seit Januar m\u00fcssen alle Fluggesellschaften anfliegen EU CO2 durch das Handelssystem der Emissionen (ETS), auszugleichen, die den Protest einiger L\u00e4nder nicht Mitglieder der EU provoziert.<\/p>\n<p>Das Niveau der Proteste verst\u00e4rkt in den K\u00f6rper der Vereinten Nationen, der internationalen Organisation der zivilen Luftfahrt (ICAO), einen Gesamtplan zur Bek\u00e4mpfung von Emissionen des Luftverkehrs zu entwickeln.<\/p>\n<p>Wenn es vollbracht ist, rechtfertigen die \u00c4nderung des Gemeinschaftssystems, erkl\u00e4rte die Kommission.<\/p>\n<p>Die Europ\u00e4ische Kommission sagte, dass die EU diese L\u00f6sung auf die Fluggesellschaften Tras\u00b4una Jahrzehnt der ergebnislosen Gespr\u00e4chen auf ICAO durchsetzen gezwungen worden.<\/p>\n<p>Die Kommission arbeitet auch mit der International Maritime Organisation (IOM) nach einer L\u00f6sung den Seeverkehr-Emissionen suchen.<\/p>\n<p>In den Bericht mit den Schlussfolgerungen wurden aufgefordert, &#8220;Die EU und ihre Mitgliedstaaten erreichen ein gr\u00f6\u00dferes Engagement bei den Verhandlungen mit der ICAO und IMO, die Kohlendioxid Systeme zu unterst\u00fctzen&#8221;.<\/p>\n","protected":false},"excerpt":{"rendered":"<p>Br\u00fcssel (Reuters)-die Nationen der Europ\u00e4ischen Union zum abdecken des Multimillionen-Dollar-Fonds zur Bek\u00e4mpfung des Klimawandels, schwankend sind, wie die Kommission mit den L\u00e4ndern, die Gespr\u00e4che zu tragen das Gewicht von den extremen Wetterbedingungen haben. Der Europ\u00e4ischen Union best\u00e4tigt seine Zusage zur Bereitstellung von 7,2 Milliarden Euro f\u00fcr den Fonds im Zeitraum 2010-2012, nach dem Entwurf von [&hellip;]<\/p>\n","protected":false},"author":1,"featured_media":0,"comment_status":"close","ping_status":"open","sticky":false,"template":"","format":"standard","meta":{"footnotes":""},"categories":[3],"tags":[45324,45325],"class_list":["post-35333","post","type-post","status-publish","format-standard","hentry","category-allgemeine","tag-aufheizen","tag-eu-lndern-zweifel","et-doesnt-have-format-content","et_post_format-et-post-format-standard"],"_links":{"self":[{"href":"https:\/\/www.best-dentist-dentistry.com\/de\/wp-json\/wp\/v2\/posts\/35333","targetHints":{"allow":["GET"]}}],"collection":[{"href":"https:\/\/www.best-dentist-dentistry.com\/de\/wp-json\/wp\/v2\/posts"}],"about":[{"href":"https:\/\/www.best-dentist-dentistry.com\/de\/wp-json\/wp\/v2\/types\/post"}],"author":[{"embeddable":true,"href":"https:\/\/www.best-dentist-dentistry.com\/de\/wp-json\/wp\/v2\/users\/1"}],"replies":[{"embeddable":true,"href":"https:\/\/www.best-dentist-dentistry.com\/de\/wp-json\/wp\/v2\/comments?post=35333"}],"version-history":[{"count":0,"href":"https:\/\/www.best-dentist-dentistry.com\/de\/wp-json\/wp\/v2\/posts\/35333\/revisions"}],"wp:attachment":[{"href":"https:\/\/www.best-dentist-dentistry.com\/de\/wp-json\/wp\/v2\/media?parent=35333"}],"wp:term":[{"taxonomy":"category","embeddable":true,"href":"https:\/\/www.best-dentist-dentistry.com\/de\/wp-json\/wp\/v2\/categories?post=35333"},{"taxonomy":"post_tag","embeddable":true,"href":"https:\/\/www.best-dentist-dentistry.com\/de\/wp-json\/wp\/v2\/tags?post=35333"}],"curies":[{"name":"wp","href":"https:\/\/api.w.org\/{rel}","templated":true}]}}