{"id":3544,"date":"2012-02-16T10:00:05","date_gmt":"2012-02-16T10:00:05","guid":{"rendered":null},"modified":"-0001-11-30T00:00:00","modified_gmt":"-0001-11-30T00:00:00","slug":"primary-care-physicians-say-that-wont-they-lag-idly-if-there-are-more-cuts","status":"publish","type":"post","link":"https:\/\/www.best-dentist-dentistry.com\/de\/primary-care-physicians-say-that-wont-they-lag-idly-if-there-are-more-cuts\/3544","title":{"rendered":"\u00c4rzte sagen, dass &#8220;wird nicht sie lag unt\u00e4tig&#8221; sind weitere Schnitte"},"content":{"rendered":"<p class=\"first\"> MADRID, 16 (EUROPA PRESS)<\/p>\n<p>Grundversorgung \u00c4rzte bereits unter den Folgen der K\u00fcrzungen, Konsultationen, bei denen &#8220;multipliziert&#8221; Patienten und weniger Zeit zu erf\u00fcllen, die die Qualit\u00e4t der Versorgung verschlechtert. Daher, sie haben sich die Forderung nach Aufstand der Sch\u00fcler medizinische Organisation (WTO) und bitten, dass K\u00fcrzungen &#8220;nicht mehr gehen&#8221;, denn, sonst,&#8221;es nicht unt\u00e4tig&#8221;.<\/p>\n<p>So sagte Dr. Josep Fumad\u00f3, l\u00e4ndlichen Grundschule Pflege der WTO Mitglied und Mitglied des Forum for Primary Care Physicians, am Donnerstag dieser Woche in Madrid getroffen hat. Seine Teilnehmer &#8220;einen Appell an die Verantwortung der Gesundheitsmanagern&#8221; gemacht haben, die Schnitte, die &#8220;Aush\u00f6hlung&#8221; die Qualit\u00e4t der Pflege von AP und erzeugen Spannung der Arzt halt.<\/p>\n<p>In den letzten drei oder vier Monaten, ich \u00f6ffnen Sie die Abfrage, ich habe zu tun die administrative Arbeit der Mitarbeiter nicht mehr ist und Reihenfolge der Kinderheilkunde, erhalten Sie auch regelm\u00e4\u00dfige Patienten, die haben sich vervielfacht und wof\u00fcr jetzt habe ich weniger Zeit &#8220;, verf\u00fcgt \u00fcber seinen Fall als Beispiel setzen, indem sichergestellt wird, dass am Ende Fumad\u00f3,&#8221;sind Patienten, die diese Situation zu zahlen&#8221;.<\/p>\n<p>In diesem Sinne ist auch manifestiert Bereich CESM AP Sekret\u00e4r Salvador Gal\u00e1n, genannt hat, f\u00fcr die Einstellung der Lohnk\u00fcrzungen von Karriere, die in variabler Form bereits in Autonomien wie Aragon, Asturien, Balearen, Madrid, Kanarische Inseln, La Rioja und Valencia angewendet wurden.<\/p>\n<p>F\u00fcr Frauenschwarm, diese K\u00fcrzungen, angefangen die total Unterdr\u00fcckung dieser Zubeh\u00f6rteile &#8211; wie es in Aragon, Balearen und Madrid geschehen &#8211; bis die Reduktion in H\u00e4lfte &#8211; wie in Valencia &#8211; auch beeintr\u00e4chtigen die Qualit\u00e4t der Pflege, seit diese Anreize zu motivieren, um jeden Tag zu verbessern.<\/p>\n<p>Laut Dr. Jos\u00e9 Luis Bonal, Pr\u00e4sident der spanischen Gesellschaft des p\u00e4diatrischen Extrahospitalaria und Primary Care (SEPEAP) und Sprecher des Forum for Primary Care Physicians diesmal, gibt es eine &#8220;Decapitalization&#8221; von der PA, was auch die Qualit\u00e4t der Pflege reduziert.<\/p>\n<p>&#8220;Bereits ist &#8211; besteht &#8211; wird die Verschlechterung und so sind die zahlenden B\u00fcrger&#8221;, klagt, um sicherzustellen, dass es gibt andere Wege, um die Nachhaltigkeit dieser Ebene der Pflege, abgesehen von K\u00fcrzungen, einschlie\u00dflich die B\u00fcrokratie, die diese Fachleute k\u00fcmmern.<\/p>\n<p>Zus\u00e4tzlich von der WTO, der CESM und SEPEAP, in diesem Forum sind, die spanische Gesellschaft der \u00c4rzte in der Grundversorgung (SEMERGEN); der spanischen Gesellschaft f\u00fcr allgemeine Medizin (SEMG) der spanischen Gesellschaft von Familie und Gemeinschaft (Semfyc) Medizin und der spanische Verband f\u00fcr P\u00e4diatrie der Grundversorgung (Kinder\u00e4rzte).<\/p>\n","protected":false},"excerpt":{"rendered":"<p>MADRID, 16 (EUROPA PRESS) Grundversorgung \u00c4rzte bereits unter den Folgen der K\u00fcrzungen, Konsultationen, bei denen &#8220;multipliziert&#8221; Patienten und weniger Zeit zu erf\u00fcllen, die die Qualit\u00e4t der Versorgung verschlechtert. Daher, sie haben sich die Forderung nach Aufstand der Sch\u00fcler medizinische Organisation (WTO) und bitten, dass K\u00fcrzungen &#8220;nicht mehr gehen&#8221;, denn, sonst,&#8221;es nicht unt\u00e4tig&#8221;. So sagte Dr. [&hellip;]<\/p>\n","protected":false},"author":1,"featured_media":0,"comment_status":"close","ping_status":"open","sticky":false,"template":"","format":"standard","meta":{"footnotes":""},"categories":[3],"tags":[11791],"class_list":["post-3544","post","type-post","status-publish","format-standard","hentry","category-allgemeine","tag-hrt","et-doesnt-have-format-content","et_post_format-et-post-format-standard"],"_links":{"self":[{"href":"https:\/\/www.best-dentist-dentistry.com\/de\/wp-json\/wp\/v2\/posts\/3544","targetHints":{"allow":["GET"]}}],"collection":[{"href":"https:\/\/www.best-dentist-dentistry.com\/de\/wp-json\/wp\/v2\/posts"}],"about":[{"href":"https:\/\/www.best-dentist-dentistry.com\/de\/wp-json\/wp\/v2\/types\/post"}],"author":[{"embeddable":true,"href":"https:\/\/www.best-dentist-dentistry.com\/de\/wp-json\/wp\/v2\/users\/1"}],"replies":[{"embeddable":true,"href":"https:\/\/www.best-dentist-dentistry.com\/de\/wp-json\/wp\/v2\/comments?post=3544"}],"version-history":[{"count":0,"href":"https:\/\/www.best-dentist-dentistry.com\/de\/wp-json\/wp\/v2\/posts\/3544\/revisions"}],"wp:attachment":[{"href":"https:\/\/www.best-dentist-dentistry.com\/de\/wp-json\/wp\/v2\/media?parent=3544"}],"wp:term":[{"taxonomy":"category","embeddable":true,"href":"https:\/\/www.best-dentist-dentistry.com\/de\/wp-json\/wp\/v2\/categories?post=3544"},{"taxonomy":"post_tag","embeddable":true,"href":"https:\/\/www.best-dentist-dentistry.com\/de\/wp-json\/wp\/v2\/tags?post=3544"}],"curies":[{"name":"wp","href":"https:\/\/api.w.org\/{rel}","templated":true}]}}