{"id":35446,"date":"2013-03-02T02:33:44","date_gmt":"2013-03-02T02:33:44","guid":{"rendered":null},"modified":"-0001-11-30T00:00:00","modified_gmt":"-0001-11-30T00:00:00","slug":"extremadura-ui-calls-to-raise-taxes-to-ensure-public-health","status":"publish","type":"post","link":"https:\/\/www.best-dentist-dentistry.com\/de\/extremadura-ui-calls-to-raise-taxes-to-ensure-public-health\/35446","title":{"rendered":"Extremadura UI Ruft die Steuern daf\u00fcr \u00f6ffentliche Gesundheit erh\u00f6hen"},"content":{"rendered":"<p class=\"first\"> Merida, 6. Mai (EFE).-der general-Koordinator der IU Extremadura, Pedro Escobar, sagte heute, dass m\u00fcssen Sie Steuererh\u00f6hungen, vor allem auf eine das Einkommen auf nat\u00fcrliche Personen (IRPF), die Aufenthaltskosten des Gesundheitssystems in der autonomen Region voranschreiten.<\/p>\n<p>In einer Stellungnahme Artikel in &#8220;Die Zeitung Extremadura&#8221;, erkl\u00e4rt Escobar, dass Bef\u00fcrworter IU f\u00fcr &#8220;bidirektionale bessere Bewirtschaftung und Aufstockung der Mittel&#8221;, und dar\u00fcber hinaus den R\u00fcckgang f\u00fcr die Erbringung von Dienstleistungen und die verst\u00e4rkte Finanzierung durch Ablehnung &#8220;Selbstbeteiligung \/ R\u00fcckzahlung&#8221;.<\/p>\n<p>Ruft zur &#8220;Verteidigung des Gesundheitswesens&#8221; \u00fcber &#8220;die \u00c4nderung auf den Beitrag \u00fcber steigende Steuern und, vor allem, die Einkommensteuer&#8221;, das hinzuf\u00fcgt, dass &#8220;es das UI-Programm ist&#8221;.<\/p>\n<p>Auch betont, dass das aktuelle Gesundheitssystem &#8220;ernsthafte Schwierigkeiten&#8221; und dass &#8220;niemand will, und seit dann IU rundheraus Nein, ist schwach, zu schlie\u00dfen oder verlieren ihre Identit\u00e4t-Zeichen&#8221;.<\/p>\n<p>F\u00fcgt hinzu, dass &#8220;Die Spanische Sozialistische Partei, jetzt in der Opposition K\u00fcrzungen lehnt&#8221;, w\u00e4hrend &#8220;Die PP, unter dem Vorwand des Zusammenbruchs des Systems, auf Messers Schneide beharrt&#8221;.<\/p>\n","protected":false},"excerpt":{"rendered":"<p>Merida, 6. Mai (EFE).-der general-Koordinator der IU Extremadura, Pedro Escobar, sagte heute, dass m\u00fcssen Sie Steuererh\u00f6hungen, vor allem auf eine das Einkommen auf nat\u00fcrliche Personen (IRPF), die Aufenthaltskosten des Gesundheitssystems in der autonomen Region voranschreiten. In einer Stellungnahme Artikel in &#8220;Die Zeitung Extremadura&#8221;, erkl\u00e4rt Escobar, dass Bef\u00fcrworter IU f\u00fcr &#8220;bidirektionale bessere Bewirtschaftung und Aufstockung der [&hellip;]<\/p>\n","protected":false},"author":1,"featured_media":0,"comment_status":"close","ping_status":"open","sticky":false,"template":"","format":"standard","meta":{"footnotes":""},"categories":[3],"tags":[45429],"class_list":["post-35446","post","type-post","status-publish","format-standard","hentry","category-allgemeine","tag-alarm-umwelt","et-doesnt-have-format-content","et_post_format-et-post-format-standard"],"_links":{"self":[{"href":"https:\/\/www.best-dentist-dentistry.com\/de\/wp-json\/wp\/v2\/posts\/35446","targetHints":{"allow":["GET"]}}],"collection":[{"href":"https:\/\/www.best-dentist-dentistry.com\/de\/wp-json\/wp\/v2\/posts"}],"about":[{"href":"https:\/\/www.best-dentist-dentistry.com\/de\/wp-json\/wp\/v2\/types\/post"}],"author":[{"embeddable":true,"href":"https:\/\/www.best-dentist-dentistry.com\/de\/wp-json\/wp\/v2\/users\/1"}],"replies":[{"embeddable":true,"href":"https:\/\/www.best-dentist-dentistry.com\/de\/wp-json\/wp\/v2\/comments?post=35446"}],"version-history":[{"count":0,"href":"https:\/\/www.best-dentist-dentistry.com\/de\/wp-json\/wp\/v2\/posts\/35446\/revisions"}],"wp:attachment":[{"href":"https:\/\/www.best-dentist-dentistry.com\/de\/wp-json\/wp\/v2\/media?parent=35446"}],"wp:term":[{"taxonomy":"category","embeddable":true,"href":"https:\/\/www.best-dentist-dentistry.com\/de\/wp-json\/wp\/v2\/categories?post=35446"},{"taxonomy":"post_tag","embeddable":true,"href":"https:\/\/www.best-dentist-dentistry.com\/de\/wp-json\/wp\/v2\/tags?post=35446"}],"curies":[{"name":"wp","href":"https:\/\/api.w.org\/{rel}","templated":true}]}}