{"id":35457,"date":"2013-03-02T02:34:48","date_gmt":"2013-03-02T02:34:48","guid":{"rendered":null},"modified":"-0001-11-30T00:00:00","modified_gmt":"-0001-11-30T00:00:00","slug":"the-psoe-accuses-mato-defile-the-nhs-with-its-cuts-and-return-to-the-franco","status":"publish","type":"post","link":"https:\/\/www.best-dentist-dentistry.com\/de\/the-psoe-accuses-mato-defile-the-nhs-with-its-cuts-and-return-to-the-franco\/35457","title":{"rendered":"Die PSOE wirft Mato &#8220;Engpass&#8221; die NHS mit K\u00fcrzungen und R\u00fcckkehr in die &#8220;Franco&#8221;"},"content":{"rendered":"<p class=\"first\"> MADRID, 8 (EUROPA PRESS)<\/p>\n<p>Sozialdemokratische Fraktion im Senat hat eine Reihe von Fragen Dienstag im Plenum an den Minister f\u00fcr Gesundheit, soziale Dienste und Geschlechter, Ana Mato, die Effekte, die K\u00fcrzungen der Gesundheit-B\u00fcrgern haben, wird ihr von habend &#8220;entweiht&#8221; das \u00f6ffentliche Gesundheitswesen zu beschuldigen und tragen wieder zu &#8220;Mal Franco&#8221;.<\/p>\n<p>So es der Senator Mar\u00eda Victoria Chivite, versichert hat, die &#8220;R\u00fcckseite des Riesen&#8221; Schrittwechsel von einem System auf der Grundlage der Universalit\u00e4t zu einem Qualit\u00e4tssicherungssystem bewertet hat, die es glaubt wird verlassen, ohne Gesundheitsversorgung f\u00fcr einige spanische B\u00fcrger als Jugendliche \u00fcber 26 Jahren, die nicht bereit erkl\u00e4rt, ihre erste Arbeitsstelle oder getrennt von Frauen, die nicht gearbeitet haben.<\/p>\n<p>&#8220;Personen, die Sozialversicherung, nicht zu deutlich zu zeigen, nicht zitiert habe nicht mit Ressourcen, wenn die Feierlichkeit Armen Fleisch wie in der Franco-\u00c4ra gegeben und, als ob es Liebe sein, es wird ihnen dienen au\u00dferhalb medizinischer Versorgung&#8221;, lambasting.<\/p>\n<p>Auch hat auch beschuldigt Mato &#8220;nehmen eine sehr schmutzige-Debatte&#8221;, die &#8220;blame Einwanderer aus das schlechte Funktionieren der \u00f6ffentlichen Dienste&#8221;, eingedenk dessen, dass universelle &#8220;beneidete&#8221; des nationalen Gesundheitssystems (SNS), dass &#8220;wollen nun beenden&#8221;.<\/p>\n<p>Dieser Senator, zu der auch sozialistische Andres Raquel, haben kritisiert, da\u00df sie sind K\u00fcrzungen im Gesundheitswesen und zur gleichen Zeit angek\u00fcndigt, dass es \u00f6ffentliche Gelder zu einige Finanzinstitute retten wird.<\/p>\n<p>Haben <\/p>\n<p>&#8220;Detra\u00eddo 7 Milliarden \u00f6ffentliche Gesundheit gespeichert? &#8220;Nein, daf\u00fcr, dass sie Bankia, wo sie zu diesem Sprung der Finanzen platziert hatte, gestern kam mit den Beinen&#8221;, Kontrolle von Andres, die Besitzer der Gesundheit gebeten, dass Sie Schnitte umgesetzt haben, &#8220;ohne Bewertung der wirtschaftlichen Auswirkungen, die machen kann&#8221;.<\/p>\n<p>Auch dieser Senator hat davor gewarnt, dass die Ma\u00dfnahmen &#8220;vorzeigbar f\u00fcr jeder Politiker mit einem Minimum an Einsatz f\u00fcr \u00f6ffentlichen Dienst und noch viel mehr&#8221; sind, so dass die Werte f\u00fcr alle katholischen Politiker, dessen Aktionen von Christian durchdrungen sein sollte Mato.<\/p>\n<p>&#8220;Sie merken es Hilfe f\u00fcr die schwachen und die Kranken heilen.&#8221; Cure, kostenlos&#8221;, angesprochen hat, wirft der Regierungschefs der&#8221;Entweihende das aktuelle Modell des Gesundheitssystems&#8221;.<\/p>\n<p>Dar\u00fcber hinaus hat der Minister beschuldigt die Sozialisten &#8220;fehlt die Wahrheit&#8221; und bestand darauf, dass &#8220;jeder f\u00fcr eine hygienische Beschaffenheit, freie und \u00f6ffentliche F\u00fcrsorge&#8221;.<\/p>\n<p>In diesem Zusammenhang Mato hat darauf bestanden, dass diejenigen \u00fcber 26 Jahren nicht funktioniert es auch abgedeckt werden, &#8220;Was passiert ist, dass sie einmal Nutznie\u00dfer der Eltern waren und jetzt werden sein eigenes Recht auf Gesundheitsversorgung&#8221;.<\/p>\n<p>Auch die pharmazeutische Selbstbeteiligung verteidigt hat und es ist vorangeschritten, dass 89 Prozent der \u00e4lteren Personen bezahlen eine maximal 8 Euro pro Monat, w\u00e4hrend nur 3 Prozent mehr als 18 Euro bezahlen wird.<\/p>\n","protected":false},"excerpt":{"rendered":"<p>MADRID, 8 (EUROPA PRESS) Sozialdemokratische Fraktion im Senat hat eine Reihe von Fragen Dienstag im Plenum an den Minister f\u00fcr Gesundheit, soziale Dienste und Geschlechter, Ana Mato, die Effekte, die K\u00fcrzungen der Gesundheit-B\u00fcrgern haben, wird ihr von habend &#8220;entweiht&#8221; das \u00f6ffentliche Gesundheitswesen zu beschuldigen und tragen wieder zu &#8220;Mal Franco&#8221;. So es der Senator Mar\u00eda [&hellip;]<\/p>\n","protected":false},"author":1,"featured_media":0,"comment_status":"close","ping_status":"open","sticky":false,"template":"","format":"standard","meta":{"footnotes":""},"categories":[3],"tags":[45431],"class_list":["post-35457","post","type-post","status-publish","format-standard","hentry","category-allgemeine","tag-badende","et-doesnt-have-format-content","et_post_format-et-post-format-standard"],"_links":{"self":[{"href":"https:\/\/www.best-dentist-dentistry.com\/de\/wp-json\/wp\/v2\/posts\/35457","targetHints":{"allow":["GET"]}}],"collection":[{"href":"https:\/\/www.best-dentist-dentistry.com\/de\/wp-json\/wp\/v2\/posts"}],"about":[{"href":"https:\/\/www.best-dentist-dentistry.com\/de\/wp-json\/wp\/v2\/types\/post"}],"author":[{"embeddable":true,"href":"https:\/\/www.best-dentist-dentistry.com\/de\/wp-json\/wp\/v2\/users\/1"}],"replies":[{"embeddable":true,"href":"https:\/\/www.best-dentist-dentistry.com\/de\/wp-json\/wp\/v2\/comments?post=35457"}],"version-history":[{"count":0,"href":"https:\/\/www.best-dentist-dentistry.com\/de\/wp-json\/wp\/v2\/posts\/35457\/revisions"}],"wp:attachment":[{"href":"https:\/\/www.best-dentist-dentistry.com\/de\/wp-json\/wp\/v2\/media?parent=35457"}],"wp:term":[{"taxonomy":"category","embeddable":true,"href":"https:\/\/www.best-dentist-dentistry.com\/de\/wp-json\/wp\/v2\/categories?post=35457"},{"taxonomy":"post_tag","embeddable":true,"href":"https:\/\/www.best-dentist-dentistry.com\/de\/wp-json\/wp\/v2\/tags?post=35457"}],"curies":[{"name":"wp","href":"https:\/\/api.w.org\/{rel}","templated":true}]}}