{"id":35475,"date":"2013-03-02T02:36:04","date_gmt":"2013-03-02T02:36:04","guid":{"rendered":null},"modified":"-0001-11-30T00:00:00","modified_gmt":"-0001-11-30T00:00:00","slug":"el-salvador-running-first-campaign-against-dengue-to-avoid-rebound","status":"publish","type":"post","link":"https:\/\/www.best-dentist-dentistry.com\/de\/el-salvador-running-first-campaign-against-dengue-to-avoid-rebound\/35475","title":{"rendered":"El Salvador laufen erste Kampagne gegen Dengue Fieber zu vermeiden, R\u00fccksto\u00df"},"content":{"rendered":"<p class=\"first\"> <span class=\"yshortcuts\" id=\"lw_1336608754_1\"> San Salvador<\/span>, 9 kann (<span class=\"yshortcuts\" id=\"lw_1336608754_5\"> EFE<\/span>).-<span class=\"yshortcuts\" id=\"lw_1336608754_0\"> das Gesundheitsministerium von El Salvador<\/span> hat den ersten nationalen Tag gegen Dengue-Fieber, eine Erholung dieser Krankheit zu verhindern, die bisher f\u00fchrte zum Tode von Minderj\u00e4hrigen und verlie\u00dfen mehr als tausend infiziert im Land eingeleitet.<\/p>\n<p>Des Tages gegen <span class=\"yshortcuts\" id=\"lw_1336608754_7\"> Dengue-Fieber<\/span> findet &#8220;drei Tage&#8221;, ab heute und bis Freitag, sagte EfE ein Sprecher f\u00fcr die Gesundheit.<\/p>\n<p>&#8220;Wir sind uns bewusst, dass in der Regenzeit (von Mai bis September) Saison Dengue-Risiko betr\u00e4chtlich erh\u00f6ht wird, dann ist das der Grund, warum dieser Tag soll f\u00fcr die Bev\u00f6lkerung aufrufen und wird zusammen mit Ma\u00dfnahmen der Reinigung,&#8221; sagte die Presse Juli <span class=\"yshortcuts\" id=\"lw_1336608754_3\"> B\u00fcchsenmacher<\/span>, Direktor der salvadorianischen <span class=\"yshortcuts\" id=\"lw_1336608754_2\"> Gesundheitsministerium<\/span> Gesundheits\u00fcberwachung.<\/p>\n<p><span class=\"yshortcuts\" id=\"lw_1336608754_6\"> Dengue-Fieber<\/span> ist eine Viruserkrankung, die durch den Stich der M\u00fccke &#8220;Aedes Aegypti&#8221; \u00fcbertragen und vor allem in tropischen und subtropischen L\u00e4ndern aufgezeichnet.<\/p>\n<p>B\u00fcchsenmacher sagte, dass das Land hat &#8220;eine hohe Auflage des Denguevirus&#8221;, da gibt es &#8220;viel Moskito infiziert&#8221;, durch die betont, dass es ist wichtig zu helfen bei der Beseitigung der Zucht von der Insektenpopulation.<\/p>\n<p>&#8220;Das Problem der Dengue-Fieber ist nicht Verantwortung eines einzigen, sondern der gesamten Bev\u00f6lkerung und Hygiene in ihren H\u00e4usern zu gew\u00e4hrleisten&#8221;, und &#8220;vor allem Kinder sch\u00fctzen, denn sie die schwersten sind&#8221; hinzugef\u00fcgt.<\/p>\n<p>Nach R\u00fcstungsschmied, sieben jeder 10 Menschen, die Dengue-Vertrag sind, Kinder oder Jugendliche.<\/p>\n<p>2011 Bis November verzeichneten in diesem zentralamerikanischen Land, wenn 6,163 gemeinsame Dengue-F\u00e4lle und 138 von Blutungen, laut offiziellen Berichten.<\/p>\n<p>In diesem Jahr bislang wurden best\u00e4tigte 1.500 F\u00e4lle von Dengue-Fieber, davon 88 sind &#8220;Ernst&#8221; oder Blutungen, erkl\u00e4rte er die <span class=\"yshortcuts\" id=\"lw_1336608754_4\"> Quelle der Gesundheit<\/span>. EFE<\/p>\n","protected":false},"excerpt":{"rendered":"<p>San Salvador, 9 kann ( EFE).- das Gesundheitsministerium von El Salvador hat den ersten nationalen Tag gegen Dengue-Fieber, eine Erholung dieser Krankheit zu verhindern, die bisher f\u00fchrte zum Tode von Minderj\u00e4hrigen und verlie\u00dfen mehr als tausend infiziert im Land eingeleitet. Des Tages gegen Dengue-Fieber findet &#8220;drei Tage&#8221;, ab heute und bis Freitag, sagte EfE ein [&hellip;]<\/p>\n","protected":false},"author":1,"featured_media":0,"comment_status":"close","ping_status":"open","sticky":false,"template":"","format":"standard","meta":{"footnotes":""},"categories":[3],"tags":[45439],"class_list":["post-35475","post","type-post","status-publish","format-standard","hentry","category-allgemeine","tag-ex-ministers","et-doesnt-have-format-content","et_post_format-et-post-format-standard"],"_links":{"self":[{"href":"https:\/\/www.best-dentist-dentistry.com\/de\/wp-json\/wp\/v2\/posts\/35475","targetHints":{"allow":["GET"]}}],"collection":[{"href":"https:\/\/www.best-dentist-dentistry.com\/de\/wp-json\/wp\/v2\/posts"}],"about":[{"href":"https:\/\/www.best-dentist-dentistry.com\/de\/wp-json\/wp\/v2\/types\/post"}],"author":[{"embeddable":true,"href":"https:\/\/www.best-dentist-dentistry.com\/de\/wp-json\/wp\/v2\/users\/1"}],"replies":[{"embeddable":true,"href":"https:\/\/www.best-dentist-dentistry.com\/de\/wp-json\/wp\/v2\/comments?post=35475"}],"version-history":[{"count":0,"href":"https:\/\/www.best-dentist-dentistry.com\/de\/wp-json\/wp\/v2\/posts\/35475\/revisions"}],"wp:attachment":[{"href":"https:\/\/www.best-dentist-dentistry.com\/de\/wp-json\/wp\/v2\/media?parent=35475"}],"wp:term":[{"taxonomy":"category","embeddable":true,"href":"https:\/\/www.best-dentist-dentistry.com\/de\/wp-json\/wp\/v2\/categories?post=35475"},{"taxonomy":"post_tag","embeddable":true,"href":"https:\/\/www.best-dentist-dentistry.com\/de\/wp-json\/wp\/v2\/tags?post=35475"}],"curies":[{"name":"wp","href":"https:\/\/api.w.org\/{rel}","templated":true}]}}