{"id":35508,"date":"2013-03-02T02:38:46","date_gmt":"2013-03-02T02:38:46","guid":{"rendered":null},"modified":"-0001-11-30T00:00:00","modified_gmt":"-0001-11-30T00:00:00","slug":"the-government-fixes-the-reform-to-maintain-rights-holders-health","status":"publish","type":"post","link":"https:\/\/www.best-dentist-dentistry.com\/de\/the-government-fixes-the-reform-to-maintain-rights-holders-health\/35508","title":{"rendered":"the government fixes the reform to maintain rights holders health"},"content":{"rendered":"<p class=\"first\"> Madrid, 15. Mai (EFE).-<span class=\"yshortcuts\" id=\"lw_1337103734_0\"> Die Regierung<\/span> wurde behoben das Dekret sanit\u00e4re Ma\u00dfnahmen zur Beibehaltung des Status von \u00c4rzten und Krankenschwestern Inhaber von 4.000 Fachkr\u00e4fte in <span class=\"yshortcuts\" id=\"lw_1337103734_2\"> medizinischen<\/span> Zentren, die die Norm gewesen, wie es war, h\u00e4tten die Beamten erworbenen Rechte verloren.<\/p>\n<p>Das amtliche Bulletin des Staates ver\u00f6ffentlicht heute eine Korrektur von Fehlern auf dem Legislativdekret Gesundheitsma\u00dfnahmen in welche \u00c4nderungen eine Zusatzbestimmung Auswirkungen auf diese Gruppe durch Hinzuf\u00fcgen einer Phrase um diese Rechte zu erhalten.<\/p>\n<p>Die Profis, die ihre Plaza in der Prim\u00e4rversorgung von Opposition erworben oder wer waren in das System der \u00f6ffentlichen h\u00e4usliche Pflege (APD), in beiden F\u00e4llen zu l\u00f6schen, ist.<\/p>\n<p>Das Dekret, das am 24 April erschien enthalten eine zus\u00e4tzliche Bestimmung, die sie f\u00fcr Gesundheit als eine feste gesetzliche Personalsysteme anzumelden dr\u00e4ngte, und wenn sie nicht, die autonomen Gemeinschaften konnte f\u00fchren sie auf die Verwaltungsstellen, die nicht zur Gesundheit geh\u00f6ren.<\/p>\n<p>Die wichtigsten Verb\u00e4nde von \u00c4rzten und Krankenschwestern die Ma\u00dfnahme protestiert und fordert die Regierung zu \u00e4ndern um zu halten die erworbenen Rechte dieser Fachleute, wie zum Beispiel die Wahl zu den sechzig oder siebzig Jahren in den Ruhestand.<\/p>\n<p>Die BOE ver\u00f6ffentlicht heute diese \u00c4nderung einen Tag nach das letzte Treffen mit dem Minister f\u00fcr Gesundheit, Ana Mato, gehalten, die seinen Anspruch behandelt hat.<\/p>\n<p>Quellen des medizinischen College-Organisation (WTO) f\u00fcr Efe &#8220;Zufriedenheit&#8221; vom Kollektiv, das &#8220;im wesentlichen&#8221; verringert die &#8220;unerw\u00fcnschten&#8221; Auswirkungen, die diese Reform hatte betont.<\/p>\n<p>Standard hinzugef\u00fcgt, w\u00fcrde die &#8220;Enteignung&#8221; bei ihrer Arbeit gedacht haben, nicht ge\u00e4ndert wurden.<\/p>\n<p>Der Pr\u00e4sident des Rates f\u00fcr Allgemeine Krankenpflege, Max Gonz\u00e1lez Jurado, betonte erz\u00e4hlte Efe, dass die Norm ist mit diesem \u00e4ndern &#8220;sehr gut&#8221;, weil diese Fachleute in Teams zur medizinischen Grundversorgung integriert aber nicht ihre Rechte verlieren w\u00fcrde.<\/p>\n<p>Gonzalez Jury wollte auch darauf hinweisen, dass die Minister Ana Mato gezeigt hat &#8220;sehr empfindlich&#8221; an den Sitzungen mit den Organisationen f\u00fcr ihre Sache hielt und in der Besprechung von gestern gab ihr Engagement f\u00fcr diese \u00c4nderung.<\/p>\n","protected":false},"excerpt":{"rendered":"<p>Madrid, 15. Mai (EFE).- Die Regierung wurde behoben das Dekret sanit\u00e4re Ma\u00dfnahmen zur Beibehaltung des Status von \u00c4rzten und Krankenschwestern Inhaber von 4.000 Fachkr\u00e4fte in medizinischen Zentren, die die Norm gewesen, wie es war, h\u00e4tten die Beamten erworbenen Rechte verloren. Das amtliche Bulletin des Staates ver\u00f6ffentlicht heute eine Korrektur von Fehlern auf dem Legislativdekret Gesundheitsma\u00dfnahmen [&hellip;]<\/p>\n","protected":false},"author":1,"featured_media":0,"comment_status":"close","ping_status":"open","sticky":false,"template":"","format":"standard","meta":{"footnotes":""},"categories":[3],"tags":[45453],"class_list":["post-35508","post","type-post","status-publish","format-standard","hentry","category-allgemeine","tag-muttertags-stahl","et-doesnt-have-format-content","et_post_format-et-post-format-standard"],"_links":{"self":[{"href":"https:\/\/www.best-dentist-dentistry.com\/de\/wp-json\/wp\/v2\/posts\/35508","targetHints":{"allow":["GET"]}}],"collection":[{"href":"https:\/\/www.best-dentist-dentistry.com\/de\/wp-json\/wp\/v2\/posts"}],"about":[{"href":"https:\/\/www.best-dentist-dentistry.com\/de\/wp-json\/wp\/v2\/types\/post"}],"author":[{"embeddable":true,"href":"https:\/\/www.best-dentist-dentistry.com\/de\/wp-json\/wp\/v2\/users\/1"}],"replies":[{"embeddable":true,"href":"https:\/\/www.best-dentist-dentistry.com\/de\/wp-json\/wp\/v2\/comments?post=35508"}],"version-history":[{"count":0,"href":"https:\/\/www.best-dentist-dentistry.com\/de\/wp-json\/wp\/v2\/posts\/35508\/revisions"}],"wp:attachment":[{"href":"https:\/\/www.best-dentist-dentistry.com\/de\/wp-json\/wp\/v2\/media?parent=35508"}],"wp:term":[{"taxonomy":"category","embeddable":true,"href":"https:\/\/www.best-dentist-dentistry.com\/de\/wp-json\/wp\/v2\/categories?post=35508"},{"taxonomy":"post_tag","embeddable":true,"href":"https:\/\/www.best-dentist-dentistry.com\/de\/wp-json\/wp\/v2\/tags?post=35508"}],"curies":[{"name":"wp","href":"https:\/\/api.w.org\/{rel}","templated":true}]}}