{"id":35594,"date":"2013-03-06T02:36:51","date_gmt":"2013-03-06T02:36:51","guid":{"rendered":null},"modified":"-0001-11-30T00:00:00","modified_gmt":"-0001-11-30T00:00:00","slug":"griaan-ensures-that-it-will-assist-irregular-migrants-for-humanitarian-reasons-and-public-health","status":"publish","type":"post","link":"https:\/\/www.best-dentist-dentistry.com\/de\/griaan-ensures-that-it-will-assist-irregular-migrants-for-humanitarian-reasons-and-public-health\/35594","title":{"rendered":"Gri\u00f1\u00e1n sorgt daf\u00fcr, dass es &#8220;f\u00fcr humanit\u00e4re Gr\u00fcnde vorliegen und \u00f6ffentliche Gesundheit&#8221; irregul\u00e4re Migranten unterst\u00fctzen wird"},"content":{"rendered":"<p class=\"first\"> MALAGA, 10 (EUROPA PRESS)<\/p>\n<p><span class=\"yshortcuts\" id=\"lw_1336703519_1\"> Der Pr\u00e4sident von der Junta de Andaluc\u00eda<\/span>, Jos\u00e9 Antonio Gri\u00f1\u00e1n, hat daf\u00fcr gesorgt, dass die autonome Region &#8220;f\u00fcr humanit\u00e4re Gr\u00fcnde vorliegen und \u00f6ffentliche Gesundheit&#8221; Einwanderer in administrativen Situation unregelm\u00e4\u00dfig dienen wird.<\/p>\n<p>Bei seinem Besuch in Malaga, wo mit dem 10-Master der andalusischen \u00f6ffentlichen Universit\u00e4ten erf\u00fcllt, hat sich geweigert, lassen Sie diese Menschen besuchen da gesagt, weder ist noch &#8220;verfassungsrechtlich&#8221; werden k\u00f6nnen.<\/p>\n<p>A dies andere Gr\u00fcnde f\u00fcr humanit\u00e4re Hilfe und &#8220;Gesundheit&#8221; beigetreten, die Sie angegeben haben. &#8220;Wir schauen von Menschen, die Probleme bereiten k\u00f6nnen, wenn sie nicht behandelt werden,&#8221; hat w\u00e4hrend seiner Ansprache des Pr\u00e4sidenten der Regionalregierung argumentiert.<\/p>\n<p>Grinsen abgelehnt hat, daher den Ausschluss von Einwanderern aus Gesundheitsversorgung gestellt durch das K\u00f6nigliche Dekret 16\/2012 20 April \u00fcber dringende Ma\u00dfnahmen gew\u00e4hrleistet die Nachhaltigkeit des \u00f6ffentlichen Gesundheitswesens und verbessert die Qualit\u00e4t und Sicherheit ihrer Auff\u00fchrung.<\/p>\n","protected":false},"excerpt":{"rendered":"<p>MALAGA, 10 (EUROPA PRESS) Der Pr\u00e4sident von der Junta de Andaluc\u00eda, Jos\u00e9 Antonio Gri\u00f1\u00e1n, hat daf\u00fcr gesorgt, dass die autonome Region &#8220;f\u00fcr humanit\u00e4re Gr\u00fcnde vorliegen und \u00f6ffentliche Gesundheit&#8221; Einwanderer in administrativen Situation unregelm\u00e4\u00dfig dienen wird. Bei seinem Besuch in Malaga, wo mit dem 10-Master der andalusischen \u00f6ffentlichen Universit\u00e4ten erf\u00fcllt, hat sich geweigert, lassen Sie diese [&hellip;]<\/p>\n","protected":false},"author":1,"featured_media":0,"comment_status":"close","ping_status":"open","sticky":false,"template":"","format":"standard","meta":{"footnotes":""},"categories":[3],"tags":[45541],"class_list":["post-35594","post","type-post","status-publish","format-standard","hentry","category-allgemeine","tag-gelb","et-doesnt-have-format-content","et_post_format-et-post-format-standard"],"_links":{"self":[{"href":"https:\/\/www.best-dentist-dentistry.com\/de\/wp-json\/wp\/v2\/posts\/35594","targetHints":{"allow":["GET"]}}],"collection":[{"href":"https:\/\/www.best-dentist-dentistry.com\/de\/wp-json\/wp\/v2\/posts"}],"about":[{"href":"https:\/\/www.best-dentist-dentistry.com\/de\/wp-json\/wp\/v2\/types\/post"}],"author":[{"embeddable":true,"href":"https:\/\/www.best-dentist-dentistry.com\/de\/wp-json\/wp\/v2\/users\/1"}],"replies":[{"embeddable":true,"href":"https:\/\/www.best-dentist-dentistry.com\/de\/wp-json\/wp\/v2\/comments?post=35594"}],"version-history":[{"count":0,"href":"https:\/\/www.best-dentist-dentistry.com\/de\/wp-json\/wp\/v2\/posts\/35594\/revisions"}],"wp:attachment":[{"href":"https:\/\/www.best-dentist-dentistry.com\/de\/wp-json\/wp\/v2\/media?parent=35594"}],"wp:term":[{"taxonomy":"category","embeddable":true,"href":"https:\/\/www.best-dentist-dentistry.com\/de\/wp-json\/wp\/v2\/categories?post=35594"},{"taxonomy":"post_tag","embeddable":true,"href":"https:\/\/www.best-dentist-dentistry.com\/de\/wp-json\/wp\/v2\/tags?post=35594"}],"curies":[{"name":"wp","href":"https:\/\/api.w.org\/{rel}","templated":true}]}}