{"id":35637,"date":"2013-03-07T05:29:16","date_gmt":"2013-03-07T05:29:16","guid":{"rendered":null},"modified":"-0001-11-30T00:00:00","modified_gmt":"-0001-11-30T00:00:00","slug":"the-department-of-health-of-the-vinalopa-launches-the-colorectal-cancer-prevention-program-in-the-municipality-of-aspe","status":"publish","type":"post","link":"https:\/\/www.best-dentist-dentistry.com\/de\/the-department-of-health-of-the-vinalopa-launches-the-colorectal-cancer-prevention-program-in-the-municipality-of-aspe\/35637","title":{"rendered":"Die Fakult\u00e4t f\u00fcr Gesundheit von der Vinalop\u00f3 f\u00fchrt das Darmkrebs Pr\u00e4vention Programm in der Gemeinde Aspe."},"content":{"rendered":"<p><strong>Die Abteilung der Gesundheit von der Vinalop\u00f3 beginnt das Darmkrebs-Pr\u00e4vention-Programm in der Gemeinde Aspe.<\/strong> <\/p>\n<p> <font size=\"2\">-das Ziel dieses Programms ist die breiten \u00d6ffentlichkeit f\u00fcr die Bedeutung der Fr\u00fcherkennung der Krankheit, d.h., um es zu erkennen, bis die Anzeichen oder Symptome erscheinen sensibilisieren <\/p>\n<p> <strong>Elx, M\u00e4rz 2013.-<\/strong> die Fakult\u00e4t f\u00fcr Gesundheit von der Vinalop\u00f3 startete das Colorectal Cancer Prevention Programm in der Gemeinde Aspeabzielen, M\u00e4nner und Frauen im Alter von 50 bis 69 Jahren im Rahmen des Krebses Plan der Region Valencia. <\/p>\n<p>Es ist eine Initiative, die in der Stadt von Crevillente mit gro\u00dfem Erfolg und die Zufriedenheit der B\u00fcrger begann und es eingef\u00fchrt wird schrittweise in anderen Gemeinden des Departements. <\/p>\n<p>Vinalop\u00f3 Gesundheit und der Generaldirektion der \u00f6ffentlichen Gesundheit gestern hielt ein Briefing \u00fcber die Bedeutung der Pr\u00e4vention von Darmkrebs in das Haus von der Cisco-Aspe. <\/p>\n<p>Das Hauptziel der Kampagne ist es, die notwendigen Richtlinien zur Verhinderung der Krankheit testen und l\u00f6sen Ihre Zweifel und Anregungen f\u00fcr die B\u00fcrger zu bieten. <\/p>\n<p align=\"center\"> <img loading=\"lazy\" decoding=\"async\" title=\"\" height=\"300\" alt=\"\" src=\"http:\/\/www.noticiasmedicas.es\/medicina\/content_images\/275\/2013_03\/319.jpg\" width=\"450\" align=\"baseline\" border=\"0\"\/><\/p>\n<p> M\u00aa \u00c1ngeles Medina, Assistentin Richtung Kontinuit\u00e4t Pflege der Fakult\u00e4t f\u00fcr Gesundheit von der Vinalop\u00f3 wurde zum direkten Gespr\u00e4ch beauftragt. D. Eduardo Alonso, Direktor der \u00f6ffentlichen Gesundheit der Elche-Crevillent Gegend, Dr. Antonio Medina, medizinische Koordinatorin des Gesundheitszentrums Aspe und Dr. Juan Carlos Penalva, Leiterin der Dienststelle der verdauungsf\u00f6rdernde Medizin des Krankenhaus de Vinalop\u00f3 und Gesundheit Berater des Rathauses von Crevillent nahm an diesem Treffen. <\/p>\n<p>Dieses Programm zielt darauf ab, die \u00d6ffentlichkeit f\u00fcr die Bedeutung der Fr\u00fcherkennung der Krankheit, d.h. zu sensibilisieren, um es bis die Anzeichen oder Symptome erscheinen zu erkennen. B\u00fcrger erhalten einen Newsletter des regionalen Ministeriums f\u00fcr Gesundheit, die zu befolgenden zur Durchf\u00fchrung des Tests f\u00fcr die Krankheit in ihren H\u00e4usern innerhalb von wenigen Wochen die Schritte erkl\u00e4ren. Dieser Test erfolgt alle zwei Jahre mit dem Ziel, die Pr\u00e4senz der okkulten Blut im Stuhl zu studieren. <\/p>\n<p>Die Initiative erf\u00fcllt die Verpflichtung angenommen bieten eine n\u00e4chste Gesundheit und in den Dienst des Patienten. <\/p>\n<p><strong>\u00dcber die Krankheit<\/strong> <\/p>\n<p>Doppelpunkt und Darmkrebs ist der h\u00e4ufigste Tumor in Europa. Es betrifft h\u00e4ufiger M\u00e4nner und Frauen im Alter von 50 Jahren, obwohl, wenn rechtzeitig abgefangen, es in den meisten F\u00e4llen geheilt werden kann. Erkennung der Krankheit in der Phase der Polypen verhindert ihr Wachstum und somit die M\u00f6glichkeit der Entwicklung von Tumor verschwindet. Fachpersonal der Abteilung Gesundheit der Vinalop\u00f3 stellen daher besonderes Augenmerk auf die Bedeutung der Realisierung eines Tests als eine Form der Fr\u00fcherkennung der Krankheit. <\/p>\n<p><\/font><\/p>\n","protected":false},"excerpt":{"rendered":"<p>Die Abteilung der Gesundheit von der Vinalop\u00f3 beginnt das Darmkrebs-Pr\u00e4vention-Programm in der Gemeinde Aspe. -das Ziel dieses Programms ist die breiten \u00d6ffentlichkeit f\u00fcr die Bedeutung der Fr\u00fcherkennung der Krankheit, d.h., um es zu erkennen, bis die Anzeichen oder Symptome erscheinen sensibilisieren Elx, M\u00e4rz 2013.- die Fakult\u00e4t f\u00fcr Gesundheit von der Vinalop\u00f3 startete das Colorectal Cancer [&hellip;]<\/p>\n","protected":false},"author":1,"featured_media":0,"comment_status":"close","ping_status":"open","sticky":false,"template":"","format":"standard","meta":{"footnotes":""},"categories":[3],"tags":[45563,45562,45561],"class_list":["post-35637","post","type-post","status-publish","format-standard","hentry","category-allgemeine","tag-aspe","tag-darmkrebs-prvention-programm","tag-ikt-gesundheit","et-doesnt-have-format-content","et_post_format-et-post-format-standard"],"_links":{"self":[{"href":"https:\/\/www.best-dentist-dentistry.com\/de\/wp-json\/wp\/v2\/posts\/35637","targetHints":{"allow":["GET"]}}],"collection":[{"href":"https:\/\/www.best-dentist-dentistry.com\/de\/wp-json\/wp\/v2\/posts"}],"about":[{"href":"https:\/\/www.best-dentist-dentistry.com\/de\/wp-json\/wp\/v2\/types\/post"}],"author":[{"embeddable":true,"href":"https:\/\/www.best-dentist-dentistry.com\/de\/wp-json\/wp\/v2\/users\/1"}],"replies":[{"embeddable":true,"href":"https:\/\/www.best-dentist-dentistry.com\/de\/wp-json\/wp\/v2\/comments?post=35637"}],"version-history":[{"count":0,"href":"https:\/\/www.best-dentist-dentistry.com\/de\/wp-json\/wp\/v2\/posts\/35637\/revisions"}],"wp:attachment":[{"href":"https:\/\/www.best-dentist-dentistry.com\/de\/wp-json\/wp\/v2\/media?parent=35637"}],"wp:term":[{"taxonomy":"category","embeddable":true,"href":"https:\/\/www.best-dentist-dentistry.com\/de\/wp-json\/wp\/v2\/categories?post=35637"},{"taxonomy":"post_tag","embeddable":true,"href":"https:\/\/www.best-dentist-dentistry.com\/de\/wp-json\/wp\/v2\/tags?post=35637"}],"curies":[{"name":"wp","href":"https:\/\/api.w.org\/{rel}","templated":true}]}}