{"id":35678,"date":"2013-03-09T02:25:45","date_gmt":"2013-03-09T02:25:45","guid":{"rendered":null},"modified":"-0001-11-30T00:00:00","modified_gmt":"-0001-11-30T00:00:00","slug":"argentina-will-preside-for-two-years-the-latin-american-conference-of-the-fao","status":"publish","type":"post","link":"https:\/\/www.best-dentist-dentistry.com\/de\/argentina-will-preside-for-two-years-the-latin-american-conference-of-the-fao\/35678","title":{"rendered":"argentina will preside for two years the latin american conference of the fao"},"content":{"rendered":"<p class=\"first\"> Buenos Aires, 30 M\u00e4r (EFE).-Argentinien wird in den n\u00e4chsten zwei Jahren pr\u00e4sidieren, der Regionalkonferenz f\u00fcr Lateinamerika und die Karibik von der UN-Organisation f\u00fcr Landwirtschaft und Ern\u00e4hrung (FAO) best\u00e4tigte heute EfE Quellen der Organisation.<\/p>\n<p>Die Wahl der Argentinien zum Vorsitzenden der Regionalkonferenz wurde bekannt gegeben, von dem Generaldirektor der FAO, Jose Graziano Da Silva, im Rahmen einer Sitzung der Landwirtschaft Minister von Lateinamerika und der Karibik, die heute in Buenos Aires schlie\u00dft.<\/p>\n<p>Die Sitzung vom Montag Vertreter aus 32 L\u00e4ndern der Region, mit Adressen der wichtigsten Herausforderungen der internationalen Lebensmittel und Landwirtschaft Agenda und zielt darauf ab, Priorit\u00e4ten setzen, FAO werden in den n\u00e4chsten zwei Jahren weiter.<\/p>\n<p>am Donnerstag dieser Woche Graziano da Silva sagte &#8220;Wir wissen, dass die Ern\u00e4hrungssicherheit h\u00e4ngt von Ma\u00dfnahmen im Bereich des sozialen, wirtschaftlichen und produktiven, und wir wissen auch, dass dies politisches Engagement nicht nur der Regierung, sondern eine ganze Gesellschaft erfordert,&#8221;.<\/p>\n<p>Direktor der FAO unterstrichen &#8220;Welt Nahrungsmittelproduktion um 70 Prozent auf eine Bev\u00f6lkerung zu ern\u00e4hren, die 9 Milliarden Menschen bis 2050 erreichen zu erh\u00f6hen&#8221;,.<\/p>\n<p>Die Initiative Lateinamerika und der Karibik ohne Hunger, Brasilien und Guatemala im Bereich der FAO, 2005 getrieben ist eine geplante vor 2025 Tor, wie er erinnerte Graziano da Silva. EFE<\/p>\n","protected":false},"excerpt":{"rendered":"<p>Buenos Aires, 30 M\u00e4r (EFE).-Argentinien wird in den n\u00e4chsten zwei Jahren pr\u00e4sidieren, der Regionalkonferenz f\u00fcr Lateinamerika und die Karibik von der UN-Organisation f\u00fcr Landwirtschaft und Ern\u00e4hrung (FAO) best\u00e4tigte heute EfE Quellen der Organisation. Die Wahl der Argentinien zum Vorsitzenden der Regionalkonferenz wurde bekannt gegeben, von dem Generaldirektor der FAO, Jose Graziano Da Silva, im Rahmen [&hellip;]<\/p>\n","protected":false},"author":1,"featured_media":0,"comment_status":"close","ping_status":"open","sticky":false,"template":"","format":"standard","meta":{"footnotes":""},"categories":[3],"tags":[],"class_list":["post-35678","post","type-post","status-publish","format-standard","hentry","category-allgemeine","et-doesnt-have-format-content","et_post_format-et-post-format-standard"],"_links":{"self":[{"href":"https:\/\/www.best-dentist-dentistry.com\/de\/wp-json\/wp\/v2\/posts\/35678","targetHints":{"allow":["GET"]}}],"collection":[{"href":"https:\/\/www.best-dentist-dentistry.com\/de\/wp-json\/wp\/v2\/posts"}],"about":[{"href":"https:\/\/www.best-dentist-dentistry.com\/de\/wp-json\/wp\/v2\/types\/post"}],"author":[{"embeddable":true,"href":"https:\/\/www.best-dentist-dentistry.com\/de\/wp-json\/wp\/v2\/users\/1"}],"replies":[{"embeddable":true,"href":"https:\/\/www.best-dentist-dentistry.com\/de\/wp-json\/wp\/v2\/comments?post=35678"}],"version-history":[{"count":0,"href":"https:\/\/www.best-dentist-dentistry.com\/de\/wp-json\/wp\/v2\/posts\/35678\/revisions"}],"wp:attachment":[{"href":"https:\/\/www.best-dentist-dentistry.com\/de\/wp-json\/wp\/v2\/media?parent=35678"}],"wp:term":[{"taxonomy":"category","embeddable":true,"href":"https:\/\/www.best-dentist-dentistry.com\/de\/wp-json\/wp\/v2\/categories?post=35678"},{"taxonomy":"post_tag","embeddable":true,"href":"https:\/\/www.best-dentist-dentistry.com\/de\/wp-json\/wp\/v2\/tags?post=35678"}],"curies":[{"name":"wp","href":"https:\/\/api.w.org\/{rel}","templated":true}]}}