{"id":35684,"date":"2013-03-09T02:26:55","date_gmt":"2013-03-09T02:26:55","guid":{"rendered":null},"modified":"-0001-11-30T00:00:00","modified_gmt":"-0001-11-30T00:00:00","slug":"fire-affects-more-than-700-acres-in-a-natural-park-in-spain","status":"publish","type":"post","link":"https:\/\/www.best-dentist-dentistry.com\/de\/fire-affects-more-than-700-acres-in-a-natural-park-in-spain\/35684","title":{"rendered":"fire affects more than 700 acres in a natural park in spain"},"content":{"rendered":"<p class=\"first\"> Santiago De Compostela (Spanien), 1 Apr (EFE).-ein Feuer Samstag in der spanischen Region Galicien (Nordwesten) beeinflusst so weit \u00fcber 700 Hektar Naturpark von hohem \u00f6kologischen Wert, sie zu Efe Regionalregierung Quellen heute berichtet.<\/p>\n<p>Of the 700 betroffenen Hektar, etwa 500 sind Waldgebiet, nach Quellen.<\/p>\n<p>Das Feuer im Naturpark des Fragas Do Eume, in der Gemeinde A Capela, bleibt aktiv mit einem Warnstufe 1, der h\u00f6chsten, durch die N\u00e4he der Flammen zu H\u00e4usern.<\/p>\n<p>The Mayor of A Capela, Manuel Meizoso, aber so ein Lokalradio gesagt, dass die Flammen bereits rund 2.000 Hektar verschlungen haben.<\/p>\n<p>Insgesamt 224 Soldaten der milit\u00e4rischen Notfall Einheit (EMU) arbeiten in die Ausl\u00f6schung des Feuers zusammen mit zwanzig Forstwirtschaft-Brigaden, die die Unterst\u00fctzung der f\u00fcnf Hubschrauber und vier Flugzeuge, Medien, die im Laufe des Vormittags, nach Quellen der regionalen Regierung zunehmen wird.<\/p>\n<p>Some 200 Leute hatten am Samstag in mehrere D\u00f6rfer nahe dem Feuer ger\u00e4umt werden, die rasch durch den starken Wind, sch\u00fcrt war die tags\u00fcber weht nicht stoppen und erschwert die Arbeit der Aussterben Brigaden.<\/p>\n<p>Feuerwehr Quellen Efe sagte, ob das Feuer &#8220;unter Kontrolle&#8221; ist, aber darauf hingewiesen, dass das Feuer in verschiedene Schwerpunkte unterteilt wurde.<\/p>\n<p>Der regionalen Pr\u00e4sidenten Galiciens, Alberto N\u00fa\u00f1ez Feijoo, besucht heute die Gemeinden, die vom Feuer betroffenen.<\/p>\n<p>Verschiedene Quellen haben best\u00e4tigt, dass das Feuer ernsthaft an den Naturpark der Eume, eine gesch\u00fctzte atlantischen Regenwaldes betroffen hat, die erstreckt sich \u00fcber eine Fl\u00e4che von etwa 9.000 Hektar und einer der meistbesuchten Punkte des Gebietes in das Becken des Flusses Eume.<\/p>\n<p>Die spanische Guardia h\u00e4lt Schnitt seit gestern die Zug\u00e4nge zum Park und es wurde das Kloster von Caaveiro, ein Kloster aus dem 12. Jahrhundert oben auf einem H\u00fcgel im Wald vor kurzem rehabilitiert worden war und das war einer der spektakul\u00e4rsten Orte Galicien entfernt.<\/p>\n<p>Der staatlichen Agentur f\u00fcr Meteorologie erwartet nicht nur Regen in den n\u00e4chsten Stunden in der Gegend.<\/p>\n<p>Haben auf der anderen Seite bereits kontrolliert wurden drei andere Br\u00e4nde in der Region, die insgesamt mehr als 130 Hektar der Einfassung, w\u00e4hrend ein Viertel gegl\u00fcht haben, die bereits \u00fcber 20 Hektar hinweggefegt ist weiterhin aktiv.<\/p>\n<p>Effektiv in der milit\u00e4rischen Einheit Ausnahmezustand (EMU) haben die Arbeit des Feuers in der Gemeinde La Coru\u00f1a A Capela (Spanien) angeschlossen. EFE<\/p>\n","protected":false},"excerpt":{"rendered":"<p>Santiago De Compostela (Spanien), 1 Apr (EFE).-ein Feuer Samstag in der spanischen Region Galicien (Nordwesten) beeinflusst so weit \u00fcber 700 Hektar Naturpark von hohem \u00f6kologischen Wert, sie zu Efe Regionalregierung Quellen heute berichtet. Of the 700 betroffenen Hektar, etwa 500 sind Waldgebiet, nach Quellen. Das Feuer im Naturpark des Fragas Do Eume, in der Gemeinde [&hellip;]<\/p>\n","protected":false},"author":1,"featured_media":0,"comment_status":"close","ping_status":"open","sticky":false,"template":"","format":"standard","meta":{"footnotes":""},"categories":[3],"tags":[],"class_list":["post-35684","post","type-post","status-publish","format-standard","hentry","category-allgemeine","et-doesnt-have-format-content","et_post_format-et-post-format-standard"],"_links":{"self":[{"href":"https:\/\/www.best-dentist-dentistry.com\/de\/wp-json\/wp\/v2\/posts\/35684","targetHints":{"allow":["GET"]}}],"collection":[{"href":"https:\/\/www.best-dentist-dentistry.com\/de\/wp-json\/wp\/v2\/posts"}],"about":[{"href":"https:\/\/www.best-dentist-dentistry.com\/de\/wp-json\/wp\/v2\/types\/post"}],"author":[{"embeddable":true,"href":"https:\/\/www.best-dentist-dentistry.com\/de\/wp-json\/wp\/v2\/users\/1"}],"replies":[{"embeddable":true,"href":"https:\/\/www.best-dentist-dentistry.com\/de\/wp-json\/wp\/v2\/comments?post=35684"}],"version-history":[{"count":0,"href":"https:\/\/www.best-dentist-dentistry.com\/de\/wp-json\/wp\/v2\/posts\/35684\/revisions"}],"wp:attachment":[{"href":"https:\/\/www.best-dentist-dentistry.com\/de\/wp-json\/wp\/v2\/media?parent=35684"}],"wp:term":[{"taxonomy":"category","embeddable":true,"href":"https:\/\/www.best-dentist-dentistry.com\/de\/wp-json\/wp\/v2\/categories?post=35684"},{"taxonomy":"post_tag","embeddable":true,"href":"https:\/\/www.best-dentist-dentistry.com\/de\/wp-json\/wp\/v2\/tags?post=35684"}],"curies":[{"name":"wp","href":"https:\/\/api.w.org\/{rel}","templated":true}]}}