{"id":35705,"date":"2013-03-09T02:32:03","date_gmt":"2013-03-09T02:32:03","guid":{"rendered":null},"modified":"-0001-11-30T00:00:00","modified_gmt":"-0001-11-30T00:00:00","slug":"the-communities-of-the-pp-are-committed-with-the-goal-of-deficit","status":"publish","type":"post","link":"https:\/\/www.best-dentist-dentistry.com\/de\/the-communities-of-the-pp-are-committed-with-the-goal-of-deficit\/35705","title":{"rendered":"the communities of the pp are committed with the goal of deficit"},"content":{"rendered":"<p class=\"first\"> MADRID (Reuters) &#8211; zu einem Zeitpunkt, wenn M\u00e4rkte die Details zum Budget der autonomen Gemeinschaften in diesem Jahr die Volkspartei (PP erwarten) veranstaltet am Samstag im regionalen F\u00fchrern unterst\u00fctzt seine Wirtschaftsreformen und die Verpflichtung zur Reduzierung des Haushaltsdefizits.<\/p>\n<p>&#8220;Alle wir sind entschlossen, um gr\u00f6\u00dfere Sparma\u00dfnahmen aus\u00fcben, so dass die Standards und Leitlinien in den allgemeinen Budgets des Staates in den entsprechenden Gesetzen des Budgets der einzelnen autonomen Gemeinschaften erhoben werden&#8221;, sagte der Generalsekret\u00e4r der PP und Pr\u00e4sident von Castilla &#8211; La Mancha, Mar\u00eda Dolores de Cospedal, nach einem Treffen der Regionalbahnen und Pr\u00e4sidenten der seiner Parteizentrale in Madrid.<\/p>\n<p>Nach der Annahme des allgemeinen Haushalts f\u00fcr das Jahr 2012, dem Markt und einige internationalen Organisationen &#8211; wie die EZB &#8211; erwarten die Haushaltspl\u00e4ne der autonomen Regionen, die mehr als die H\u00e4lfte der Staatsausgaben entfallen und die am meisten f\u00fcr die Umleitung des Defizits in 2011 Ziele verantwortlich waren.<\/p>\n<p>In Bezug auf die Ank\u00fcndigung diese Woche von der Regierung zu 10 Milliarden Euro im Gesundheits- und Bildungswesen zu schneiden, De Cospedal sagte, dass Regionen seiner Partei in ihren Haushalten enthalten w\u00fcrde.<\/p>\n<p>&#8220;The PP-Pr\u00e4sidenten, wir verpflichtet sind, alles fix in unsere Gesetze auf die Haushalte, kommen in das allgemeine Budget der dem staatlichen Gesetz zum Ausdruck kommt, und dies schlie\u00dft diese Rubrik (von 10000 Millionen Euro) enthalten, werden&#8221;, sagte.<\/p>\n<p>Ziel: das Defizit zu erf\u00fcllen<\/p>\n<p>De Cospedal sagte, dass die regionalen Pr\u00e4sidenten seiner Partei die Defizitziele zu erf\u00fcllen zugesagt hatte, so dass Spanien erf\u00fcllt seine Verpflichtungen nach Br\u00fcssel eine Defizit von 5,8 % des BIP in diesem Jahr gegen 8,5 % des BIP zu erreichen, die 2011 geschlossen.<\/p>\n<p>Die spanische Regierung bereits im M\u00e4rz die meisten der autonomen Gemeinschaften ein Abkommen, so dass sie nicht in diesem Jahr eine maximale Defizit von 1,5 Prozent der internen \u00fcberschreiten Bruttoinlandsprodukts (BIP), brutto obwohl mit Stimme gegen Andalusien und Verzicht auf die Kanarischen Inseln und Katalonien, drei der wenigen autonomen Gemeinden erf\u00fcllte nicht die PP. Regel woher<\/p>\n<p>Der Generalsekret\u00e4r der PP sagte, dass bei dem Treffen mit seiner Partei Barone keiner eventuellen R\u00fcckkehr-Kenntnisse der Gemeinschaften, aber ja in eine Neuordnung diskutiert.<\/p>\n<p>&#8220;Ja (sprach) tun viel mehr rational Dienste und Ressourcen viel effektiver verwalten&#8221;, sagte.<\/p>\n<p>Die wichtigste regionale H\u00e4uptlinge der PP, die in 11 der 17 autonomen Gemeinschaften regelt, unterst\u00fctzt die Botschaft der Sparma\u00dfnahmen der Zentralregierung vor der Sitzung.<\/p>\n<p>&#8220;M\u00fcssen wir alle streben, sein strenger, effizientere, Doppelarbeit zu vermeiden und alle helfen, der L\u00f6sung f\u00fcr unsere Gemeinden auch die L\u00f6sung f\u00fcr Spanien, machen&#8221;, sagte Journalisten Alberto Fabra, Pr\u00e4sident der Region von Valencia, einer der am h\u00f6chsten verschuldeten Spaniens.<\/p>\n","protected":false},"excerpt":{"rendered":"<p>MADRID (Reuters) &#8211; zu einem Zeitpunkt, wenn M\u00e4rkte die Details zum Budget der autonomen Gemeinschaften in diesem Jahr die Volkspartei (PP erwarten) veranstaltet am Samstag im regionalen F\u00fchrern unterst\u00fctzt seine Wirtschaftsreformen und die Verpflichtung zur Reduzierung des Haushaltsdefizits. &#8220;Alle wir sind entschlossen, um gr\u00f6\u00dfere Sparma\u00dfnahmen aus\u00fcben, so dass die Standards und Leitlinien in den allgemeinen [&hellip;]<\/p>\n","protected":false},"author":1,"featured_media":0,"comment_status":"close","ping_status":"open","sticky":false,"template":"","format":"standard","meta":{"footnotes":""},"categories":[3],"tags":[],"class_list":["post-35705","post","type-post","status-publish","format-standard","hentry","category-allgemeine","et-doesnt-have-format-content","et_post_format-et-post-format-standard"],"_links":{"self":[{"href":"https:\/\/www.best-dentist-dentistry.com\/de\/wp-json\/wp\/v2\/posts\/35705","targetHints":{"allow":["GET"]}}],"collection":[{"href":"https:\/\/www.best-dentist-dentistry.com\/de\/wp-json\/wp\/v2\/posts"}],"about":[{"href":"https:\/\/www.best-dentist-dentistry.com\/de\/wp-json\/wp\/v2\/types\/post"}],"author":[{"embeddable":true,"href":"https:\/\/www.best-dentist-dentistry.com\/de\/wp-json\/wp\/v2\/users\/1"}],"replies":[{"embeddable":true,"href":"https:\/\/www.best-dentist-dentistry.com\/de\/wp-json\/wp\/v2\/comments?post=35705"}],"version-history":[{"count":0,"href":"https:\/\/www.best-dentist-dentistry.com\/de\/wp-json\/wp\/v2\/posts\/35705\/revisions"}],"wp:attachment":[{"href":"https:\/\/www.best-dentist-dentistry.com\/de\/wp-json\/wp\/v2\/media?parent=35705"}],"wp:term":[{"taxonomy":"category","embeddable":true,"href":"https:\/\/www.best-dentist-dentistry.com\/de\/wp-json\/wp\/v2\/categories?post=35705"},{"taxonomy":"post_tag","embeddable":true,"href":"https:\/\/www.best-dentist-dentistry.com\/de\/wp-json\/wp\/v2\/tags?post=35705"}],"curies":[{"name":"wp","href":"https:\/\/api.w.org\/{rel}","templated":true}]}}