{"id":35749,"date":"2013-03-09T02:45:28","date_gmt":"2013-03-09T02:45:28","guid":{"rendered":null},"modified":"-0001-11-30T00:00:00","modified_gmt":"-0001-11-30T00:00:00","slug":"vera-says-that-it-works-with-professionals-for-close-organizational-aspects-of-the-new-health-care-model","status":"publish","type":"post","link":"https:\/\/www.best-dentist-dentistry.com\/de\/vera-says-that-it-works-with-professionals-for-close-organizational-aspects-of-the-new-health-care-model\/35749","title":{"rendered":"Vera sagt, dass es mit &#8220;enge organisatorische Aspekte&#8221; des neuen Gesundheits Experten funktioniert"},"content":{"rendered":"<p class=\"first\"> die Gruppen, &#8220;das Argument des Obskurantismus verlassen&#8221; auf das <span class=\"yshortcuts\" id=\"lw_1337707596_1\"> neue Modell<\/span> Fragen, denn &#8220;Sie f\u00fcr den Zusammenhalt gesucht&#8221;<\/p>\n<p>PAMPLONA, 22 (EUROPA PRESS)<\/p>\n<p>Der Minister der <span class=\"yshortcuts\" id=\"lw_1337707596_3\"> Gesundheit der Regierung von Navarra<\/span>, <span class=\"yshortcuts\" id=\"lw_1337707596_7\"> Marta Vera<\/span>, betont, dass die &#8220;Essenz&#8221; des neuen Gesundheitswesen &#8220;die Beteiligung der Fachkreise&#8221; und daf\u00fcr gesorgt hat, dass seine Abteilung arbeitet, um &#8220;versuchen, sie alle im Hinblick auf die technische und organisatorische Aspekte zu schlie\u00dfen&#8221;.<\/p>\n<p>So Vera hingewiesen im Ausschuss, auf seinen eigenen Wunsch und Bildu, die auf das neue Pflege-Modell, entwickelt von der <span class=\"yshortcuts\" id=\"lw_1337707596_0\"> Abteilung der Gesundheit<\/span>, basiert &#8220;auf zwei Grundprinzipien: pflegen unsere \u00f6ffentlichen Gesundheitssystems und seine <span class=\"yshortcuts\"id=\"lw_1337707596_6\"> Nachhaltigkeit<\/span> f\u00fcr k\u00fcnftige Generationen zu gew\u00e4hrleisten&#8221;.<\/p>\n<p>Der <span class=\"yshortcuts\" id=\"lw_1337707596_4\"> Berater<\/span> erkl\u00e4rte, dass, da das neue Pflege-Modell auf einer Pressekonferenz pr\u00e4sentiert wird, er traf sich mit Vertretern der Hochschule der \u00c4rzte von Navarra, der Schule f\u00fcr Krankenpflege, sowie mit einer Gruppe von B\u00fcrgermeistern aus der Gegend von Pamplona und Region zur Bew\u00e4ltigung dieses Problems und &#8220;h\u00f6ren Sie ihre Beitr\u00e4ge&#8221;.<\/p>\n<p>Ist auch Treffen mit B\u00fcrgermeister von anderen Bereichen, wie auch die Mitglieder des Kollegiums der Pharmazie, Verb\u00e4nden der Patienten und Zentren und Gesch\u00e4ftspartnern in der Region unter anderem vorgesehen.<\/p>\n<p>&#8220;Dies ist keine marketing-Kampagne, sondern eine \u00dcbung der Transparenz und Rechenschaftspflicht gegen\u00fcber dem B\u00fcrger und eine wesentliche Voraussetzung zum Erfolg auf das Ziel, dass das neue Pflege-Modell eine Realit\u00e4t ist,&#8221; markiert der Berater, betonen, da\u00df vor ihrer \u00f6ffentlichen Pr\u00e4sentation &#8220;Wir hatten bereits erf\u00fcllt bei zahlreichen Gelegenheiten mit vielf\u00e4ltigen Gruppen&#8221;.<\/p>\n<p>Als auch, und nach einer Erkl\u00e4rung im Detail alle der Sitzungen, die von seiner Abteilung mit verschiedenen Agenten gehaltenen, Vera hat gebeten die <span class=\"yshortcuts\" id=\"lw_1337707596_2\"> Fraktionen<\/span>, die &#8220;sie verlassen das Argument des Obskurantismus&#8221; in Drehbank auf die neue Betreuung model, weil &#8220;Wir haben f\u00fcr den Zusammenhalt und die Beitr\u00e4ge unserer Profis sah,&#8221;.<\/p>\n<p>In diesem Sinne wurde als &#8220;unpassend&#8221;, dass einige Fraktionen ihm vorwirft &#8220;Obskurantismus und mit den Plan geschlossen ohne Dialog und Debatte \u00fcber es zu kritisieren uns f\u00fcr nicht spezifische Details wie geben zu k\u00f6nnen, werden endg\u00fcltig geschlossenen Teams oder wie es die verschiedenen Punkte des Aktion funktionieren wird&#8221;.<\/p>\n<p>Eine Situation &#8220;Enorm kompliziert&#8221;<\/p>\n<p>Der Gesundheitsminister betonte, &#8220;Wir leben in einer sehr schwierigen Situation&#8221; und dass es &#8220;keinen Zweifel&#8221;, dass das \u00f6ffentliche <span class=\"yshortcuts\" id=\"lw_1337707596_5\"> Gesundheitssystem<\/span> &#8220;droht Ernst&#8221;, so dass seiner Meinung nach&#8221;der beste Weg, um nicht zu sagen die einzige Wette in einer Weise, die durch das System entschieden die erforderlichen Ma\u00dfnahmen zur Gew\u00e4hrleistung der Nachhaltigkeit und zu sch\u00fctzen&#8221;.<\/p>\n<p>Nach Vera, &#8220;muss man in der Lage, zu versuchen, einen Prozess des Wandels ohne die Dringlichkeit oder das Ertrinken zu drastischeren Ma\u00dfnahmen anregen und, die sie betreffen nur kurzfristig&#8221; und so wurde argumentiert, dass &#8220;der beste Weg, um dringende oder willk\u00fcrliche Ma\u00dfnahmen zu vermeiden ist eine \u00dcberpr\u00fcfung des Modells der Pflege umzusetzen, die wir anbieten&#8221;.<\/p>\n<p>&#8220;Die L\u00f6sung f\u00fcr das Problem der Nachhaltigkeit des Gesundheitswesens muss eine ordnungsgem\u00e4\u00dfe Verwendung der Gelder von allen Agents enthalten, eine Tiefe und strukturelle \u00e4ndern, wirkt sich auf das gesamte Modell und eine neue Orientierung mutig und entschlossen, die Antworten auf die aktuellen Bed\u00fcrfnisse der Bev\u00f6lkerung und der Gesellschaft&#8221;, sagte sie.<\/p>\n<p>, Hat sich entschieden &#8220;\u00fcberwinden das paternalistische Modell der vorherrschende Versorgung in den letzten Jahren hat ein hohes Ma\u00df an Gesundheit und Medikalisierung Konsum erzeugt&#8221;, die &#8220;die Gesundheit System B\u00fcrger \u00fcberm\u00e4\u00dfig abh\u00e4ngig gemacht hat&#8221;.<\/p>\n<p>Als Minister erkl\u00e4rt, es wird erwartet, dass am Ende des Jahres und &#8220;um besser zu erkl\u00e4ren, die \u00c4nderungen im neuen Modell&#8221;, die Abteilung tragen eine Kampagne f\u00fcr alle B\u00fcrger, damit &#8220;sie nicht den geringsten Zweifel von welchem Zeitplan ihrer Gesundheitszentrum haben wird, oder was im Notfall zu tun haben&#8221;.<\/p>\n<p>BILDU, dt. E IE kritisieren das neue Modell<\/p>\n<p>An der Wende der Fraktionen, Bakartxo Ruiz, von Bildu, hat beklagt, dass das Gesundheitsministerium &#8220;h\u00e4lt die \u00f6ffentliche und offene Debatte \u00fcber das neue Pflege-Modell&#8221; und dies, sagte, ist &#8220;mangelnde Transparenz&#8221;. &#8220;Aus seiner Sicht die Abteilung verwenden die Strategie der Teile und herrsche&#8221; und kritisiert, die im neuen Modell &#8220;Wir sprechen nicht nur Reorganisation, aber auch Einschnitte&#8221;.<\/p>\n<p>Von UPN, Antonio P\u00e9rez Wiesen wollte &#8220;die gr\u00f6\u00dfte und am besten Erfolg f\u00fcr das neue Assistencial-Modell sehr ehrgeizig und notwendig f\u00fcr die Nachhaltigkeit des Systems&#8221; und betonte, dass &#8220;jeder Vorwurf des Obskurantismus und mangelnde Transparenz unter seinem eigenen Gewicht nach den Anweisungen des Ministers f\u00e4llt&#8221;.<\/p>\n<p>Aus den Reihen der PSN, Mari Carmen Ochoa fragte Ratgeber &#8220;welche Meinungen haben auf diesem neuen Modell an den Sitzungen erhalten&#8221;, da &#8220;am Ende alle Fachleute sehen Ihre Arbeit ge\u00e4ndert&#8221;. Dar\u00fcber hinaus galt es &#8220;Grundrechte&#8221;, die eine Kampagne &#8220;L\u00f6schen&#8221; wird deshalb B\u00fcrger&#8221;zweifellos nicht&#8221; \u00fcber dieses neue Modell.<\/p>\n<p>Im Namen Nafarroa Bai, Asun Fern\u00e1ndez de Garaialde Frankreich sagte zu f\u00fchlen &#8220;\u00fcberw\u00e4ltigt&#8221; durch die Informationen, die von der Berater gegeben, weil &#8220;es Zeit, die wir bereits gelesen hatte war, was heute hier gesagt hat&#8221;. Er erkl\u00e4rte, dass der Minister hat &#8220;anderes Konzept welche Beteiligung&#8221; und das neue Pflege-Modell als &#8220;eine Absichtserkl\u00e4rung&#8221; definiert hat.<\/p>\n<p>Durch die PPN, Enrique Mart\u00edn de Marcos sagte auch, dass &#8220;\u00dcberraschungen&#8221;, die Gruppen, die von der Kommission &#8220;haben beklagt mangelnde Information, nach der Besprechungen, die mit der Abteilung gepflegt wurden&#8221; bestanden haben. Es hat auch betont, dass seine Gruppe das neue Modell der Pflege, &#8220;sehr ehrgeizig und darauf ausgerichtet, die Nachhaltigkeit des Systems sieht&#8221; mit &#8220;gute Augen&#8221;.<\/p>\n<p>Schlie\u00dflich, Marisa de Sim\u00f3n, Links-Ezkerra, f\u00fcr ein &#8220;universal, gerechtere, zug\u00e4nglich und unterst\u00fctzende&#8221; Gesundheitssystem hat sich entschieden und ist der Auffassung, dass &#8220;Nachhaltigkeit \u00fcber Steuern sichergestellt werden sollte&#8221;. Haben Sie sich \u00fcberlegt, dass diese Reorganisation, &#8220;ohne eine ausreichende Voruntersuchung durchgef\u00fchrt, wird die Qualit\u00e4t der Pflege verringert&#8221;.<\/p>\n<p>(EUROPA PRESS von Navarra)<\/p>\n<p>NA SAN 20120522191157 GUR<\/p>\n","protected":false},"excerpt":{"rendered":"<p>die Gruppen, &#8220;das Argument des Obskurantismus verlassen&#8221; auf das neue Modell Fragen, denn &#8220;Sie f\u00fcr den Zusammenhalt gesucht&#8221; PAMPLONA, 22 (EUROPA PRESS) Der Minister der Gesundheit der Regierung von Navarra, Marta Vera, betont, dass die &#8220;Essenz&#8221; des neuen Gesundheitswesen &#8220;die Beteiligung der Fachkreise&#8221; und daf\u00fcr gesorgt hat, dass seine Abteilung arbeitet, um &#8220;versuchen, sie alle [&hellip;]<\/p>\n","protected":false},"author":1,"featured_media":0,"comment_status":"close","ping_status":"open","sticky":false,"template":"","format":"standard","meta":{"footnotes":""},"categories":[3],"tags":[45711,45712],"class_list":["post-35749","post","type-post","status-publish","format-standard","hentry","category-allgemeine","tag-festzustellen","tag-gesundheits-experten","et-doesnt-have-format-content","et_post_format-et-post-format-standard"],"_links":{"self":[{"href":"https:\/\/www.best-dentist-dentistry.com\/de\/wp-json\/wp\/v2\/posts\/35749","targetHints":{"allow":["GET"]}}],"collection":[{"href":"https:\/\/www.best-dentist-dentistry.com\/de\/wp-json\/wp\/v2\/posts"}],"about":[{"href":"https:\/\/www.best-dentist-dentistry.com\/de\/wp-json\/wp\/v2\/types\/post"}],"author":[{"embeddable":true,"href":"https:\/\/www.best-dentist-dentistry.com\/de\/wp-json\/wp\/v2\/users\/1"}],"replies":[{"embeddable":true,"href":"https:\/\/www.best-dentist-dentistry.com\/de\/wp-json\/wp\/v2\/comments?post=35749"}],"version-history":[{"count":0,"href":"https:\/\/www.best-dentist-dentistry.com\/de\/wp-json\/wp\/v2\/posts\/35749\/revisions"}],"wp:attachment":[{"href":"https:\/\/www.best-dentist-dentistry.com\/de\/wp-json\/wp\/v2\/media?parent=35749"}],"wp:term":[{"taxonomy":"category","embeddable":true,"href":"https:\/\/www.best-dentist-dentistry.com\/de\/wp-json\/wp\/v2\/categories?post=35749"},{"taxonomy":"post_tag","embeddable":true,"href":"https:\/\/www.best-dentist-dentistry.com\/de\/wp-json\/wp\/v2\/tags?post=35749"}],"curies":[{"name":"wp","href":"https:\/\/api.w.org\/{rel}","templated":true}]}}