{"id":35750,"date":"2013-03-09T02:45:35","date_gmt":"2013-03-09T02:45:35","guid":{"rendered":null},"modified":"-0001-11-30T00:00:00","modified_gmt":"-0001-11-30T00:00:00","slug":"palacios-rejects-closing-hospital-departments-and-clinics-and-attributed-them-to-the-summer-period","status":"publish","type":"post","link":"https:\/\/www.best-dentist-dentistry.com\/de\/palacios-rejects-closing-hospital-departments-and-clinics-and-attributed-them-to-the-summer-period\/35750","title":{"rendered":"Palacios Ausschuss Krankenhausabteilungen und Kliniken schlie\u00dfen und ihnen der Sommerperiode zugeschrieben"},"content":{"rendered":"<p class=\"first\"> MURCIA, 22 (EUROPA PRESS)<\/p>\n<p>Der Minister f\u00fcr <span class=\"yshortcuts\" id=\"lw_1337701646_2\"> Gesundheit<\/span> und Sozialpolitik, Mar\u00eda \u00c1ngeles Palacios, hat abgelehnt, dass es die Schlie\u00dfung von Kliniken und <span class=\"yshortcuts\" id=\"lw_1337701646_3\"> Krankenh\u00e4usern<\/span> studiert, und ist dieser Umstand f\u00fcr die Gesundheit Bereiche &#8220;arbeiten um Gesundheit Arbeiter Ferien organisieren&#8221; getadelt.<\/p>\n<p>Palacios reagierte auf diese Weise auf die Kritik des Leiters der <span class=\"yshortcuts\" id=\"lw_1337701646_1\"> sozialistischen Fraktion<\/span>, <span class=\"yshortcuts\" id=\"lw_1337701646_0\"> Teresa Rosique<\/span>, Gesundheit, der die Wiederherstellung des Gleichgewichts Wirtschafts- und Finanzkrise sagte planen &#8220;bestreitet, Pal\u00e4ste und zeigt, dass die Rosell aufh\u00f6ren, ein Krankenhaus zu sein&#8221;.<\/p>\n<p>Palacios, erkl\u00e4rte, die bald &#8220;beginnt die Sommersaison und Feiertage f\u00fcr Gesundheit <span class=\"yshortcuts\"id=\"lw_1337701646_5\"> Profis<\/span>, die befindet sich normalerweise in die Monaten Juni, Juli, August und September&#8221;. Also, nicht vergessen, dass dieser Zeitraum &#8220;beginnt jedes Jahr aus den Gebieten der Gesundheit planen&#8221;.<\/p>\n<p>Hat In diesem Zusammenhang best\u00e4tigt, dass alle Bereiche der <span class=\"yshortcuts\" id=\"lw_1337701646_6\"> Gesundheit<\/span> &#8220;arbeiten wie jedes Jahr, diese vier Monate Urlaub, Praktiker, nach eigenem Ermessen w\u00e4hlen k\u00f6nnen vorzubereiten,&#8221;. Daher hat <span class=\"yshortcuts\" id=\"lw_1337701646_4\"> Rosique<\/span> wollen &#8220;missverstehen dies mit der Tatsache, dass Sie&#8221;studieren schlie\u00dfen&#8221;Dienste&#8221; vorgeworfen. <\/p>\n<p>Gesundheit Gebiete soll &#8220;mit Profis arbeiten, so dass Sie Urlaub so genie\u00dfen k\u00f6nnen, dass sie die Gesundheit nicht beeintr\u00e4chtigen&#8221;.<\/p>\n<p>Palacios bedauert Rosique &#8220;weiter diese Themen Demagogie&#8221;, und hat die sozialistische MEP-Quellen, hinterfragt, da &#8220;es vorgeschlagen hatte, wir mussten alle Bereich Manager \u00e4ndern und unterh\u00e4lt die gleichen Namen von vor einem Jahr, das hei\u00dft, Menschen, die sie nicht mehr als Gebietsleiter&#8221;.<\/p>\n","protected":false},"excerpt":{"rendered":"<p>MURCIA, 22 (EUROPA PRESS) Der Minister f\u00fcr Gesundheit und Sozialpolitik, Mar\u00eda \u00c1ngeles Palacios, hat abgelehnt, dass es die Schlie\u00dfung von Kliniken und Krankenh\u00e4usern studiert, und ist dieser Umstand f\u00fcr die Gesundheit Bereiche &#8220;arbeiten um Gesundheit Arbeiter Ferien organisieren&#8221; getadelt. Palacios reagierte auf diese Weise auf die Kritik des Leiters der sozialistischen Fraktion, Teresa Rosique, Gesundheit, [&hellip;]<\/p>\n","protected":false},"author":1,"featured_media":0,"comment_status":"close","ping_status":"open","sticky":false,"template":"","format":"standard","meta":{"footnotes":""},"categories":[3],"tags":[45712,45713],"class_list":["post-35750","post","type-post","status-publish","format-standard","hentry","category-allgemeine","tag-gesundheits-experten","tag-krankenhausabteilungen","et-doesnt-have-format-content","et_post_format-et-post-format-standard"],"_links":{"self":[{"href":"https:\/\/www.best-dentist-dentistry.com\/de\/wp-json\/wp\/v2\/posts\/35750","targetHints":{"allow":["GET"]}}],"collection":[{"href":"https:\/\/www.best-dentist-dentistry.com\/de\/wp-json\/wp\/v2\/posts"}],"about":[{"href":"https:\/\/www.best-dentist-dentistry.com\/de\/wp-json\/wp\/v2\/types\/post"}],"author":[{"embeddable":true,"href":"https:\/\/www.best-dentist-dentistry.com\/de\/wp-json\/wp\/v2\/users\/1"}],"replies":[{"embeddable":true,"href":"https:\/\/www.best-dentist-dentistry.com\/de\/wp-json\/wp\/v2\/comments?post=35750"}],"version-history":[{"count":0,"href":"https:\/\/www.best-dentist-dentistry.com\/de\/wp-json\/wp\/v2\/posts\/35750\/revisions"}],"wp:attachment":[{"href":"https:\/\/www.best-dentist-dentistry.com\/de\/wp-json\/wp\/v2\/media?parent=35750"}],"wp:term":[{"taxonomy":"category","embeddable":true,"href":"https:\/\/www.best-dentist-dentistry.com\/de\/wp-json\/wp\/v2\/categories?post=35750"},{"taxonomy":"post_tag","embeddable":true,"href":"https:\/\/www.best-dentist-dentistry.com\/de\/wp-json\/wp\/v2\/tags?post=35750"}],"curies":[{"name":"wp","href":"https:\/\/api.w.org\/{rel}","templated":true}]}}