{"id":35783,"date":"2013-03-10T05:30:15","date_gmt":"2013-03-10T05:30:15","guid":{"rendered":null},"modified":"-0001-11-30T00:00:00","modified_gmt":"-0001-11-30T00:00:00","slug":"the-college-of-nursing-of-alicante-has-opened-its-celebrations-of-san-juan-de-dios-nursing-pattern-programming","status":"publish","type":"post","link":"https:\/\/www.best-dentist-dentistry.com\/de\/the-college-of-nursing-of-alicante-has-opened-its-celebrations-of-san-juan-de-dios-nursing-pattern-programming\/35783","title":{"rendered":"Das Kollegium der Krankenpflege von Alicante hat seine feiern von San Juan de Dios, Krankenpflege Muster Programmierung er\u00f6ffnet."},"content":{"rendered":"<p><strong>The College der Krankenpflege von Alicante hat seine feiern von San Juan de Dios, Krankenpflege Muster Programmierung er\u00f6ffnet. <br \/><\/strong> <br \/><font size=\"2\"> <strong>Spanien, M\u00e4rz 2013.-<\/strong> El-College der Krankenpflege von Alicante und der provinziellen Vereinigung der Rentner Absolventen der Krankenpflege von Alicante vorbereitet haben ein Programm der Aktivit\u00e4ten zum Gedenken an das Fest des San Juan de Dios, Krankenpflege Muster. Ein Programm, das letzten Dienstag, 5. M\u00e4rz, um 18, mit der Einweihung in der College-Zentrale der Ausstellungen Fotografie, Zeichnung und Malerei er\u00f6ffnet. <\/p>\n<p>Dies er\u00f6ffnet eine Liste von Aktivit\u00e4ten, die wir im folgenden erl\u00e4utern: <\/p>\n<p> <strong>Freitag 8<\/strong> <strong>M\u00e4rz<\/strong> <\/p>\n<p> Roundtable  Security-Klinik f\u00fcr die Praxis-Krankenschwester. Stand und Perspektiven der Zukunft &#8221; <br \/> \u00d6ffnungszeiten: von 12:00 bis 14:00. <br \/>Ort: Aula der Universit\u00e4t General Hospital von Alicante. <br \/> Weiterverbreitung von Videokonferenz a: Krankenhaus Virgen de Alcoy, Denia-Krankenhaus, Krankenhaus Vega Baja de Orihuela Lilien  Vega Baja &#8221; und Hospital General de Elche. <br \/>Pr\u00e4sentation und Moderation: Bethlehem Paya Perez. Pr\u00e4sident Schule Krankenpflege Alicante. <\/p>\n<p><strong>Dienstag 12<\/strong> <strong>M\u00e4rz<\/strong> <\/p>\n<p> CINEFORUM  die Krankenschwestern und das Kino &#8221; <\/p>\n<p> Berichterstatter: D. Jos\u00e9 Ram\u00f3n Mart\u00ednez Riera <\/p>\n<p> <strong>Programm: <br \/><\/strong> <br \/> 17:00 h. Pr\u00e4sentation  die Krankenschwestern und das Kino. Mehr als ein Film &#8221; <br \/> 05:45-Projektionsfolie  Liebesleben &#8221; (Wit) <br \/> 19:30 h. Tabelle &#8211; Aussprache <\/p>\n<p> platzieren: Hochschule der Krankenpflege von Alicante &#8211; Hall <\/p>\n<p> <strong>Wednesday 13<\/strong> <strong>M\u00e4rz<\/strong> <\/p>\n<p> Technologien Workshop  FACEBOOK und TWITTER f\u00fcr die \u00d6ffentlichkeit &#8221; <\/p>\n<p> von: Frau Olga Navarro Mart\u00ednez &#8211; Vocal IV College Krankenpflege Alicante <\/p>\n<p> Zeitplan: 16:30 &#8211; 19:30 h. <\/p>\n<p>Ort: Hochschule der Krankenpflege von Alicante &#8211; Computerraum <\/p>\n<p> <strong>Donnerstag 14<\/strong> <strong>M\u00e4rz<\/strong> <\/p>\n<p> Roundtable  behauptet, Krankenpflege Gesundheitswesen Rath\u00e4user &#8221; <br \/> Zeitplan: 18:00 <\/p>\n<p> <strong>Lautsprecher:<\/strong> <\/p>\n<p>-D\u00aa M\u00aa Teresa Pumarega &#8211; Pr\u00e4sident Verband der Angeh\u00f6rigen der Kranken von Alicante (AFA &#8211; ALICANTE) <br \/>-Frau Alzheimer Carmina Seva &#8211; Pr\u00e4sident Verband der Hausfrauen von zu Hause und Verbraucher  Lucentum &#8221; Alicante <br \/>-D. Javier Segura Marmor &#8211; Vizepr\u00e4sident Verband der Verb\u00e4nde behinderter Menschen in der Provinz Alicante <\/p>\n<p> Moderator: D\u00aa Bel\u00e9n Estevan Fern\u00e1ndez &#8211; Pr\u00e4sident Verband leitender Absolventen der Krankenpflege von Alicante <\/p>\n<p> Ort: College der Krankenpflege von Alicante &#8211; Hall <\/p>\n<p> <strong>Freitag M\u00e4rz 15 <br \/><\/strong> <br \/> institutionelle Act <\/p>\n<p> 17:30 h. Begr\u00fc\u00dfung der Teilnehmer. <br \/>18:00 h. Konferenz. &#8221; Pflege Herzen: Pr\u00e4ventionsstrategien &#8221; <\/p>\n<p> <strong>Berichterstatter:<\/strong> D\u00aa M\u00aa Dolores Gil Estevan &#8211; Vokal V College Krankenpflege <\/p>\n<p> 18:30 h. Awards <br \/> &#8211; 8th-Preis der Fotografie <br \/>-XV Wettbewerb Geschichten kurze <br \/>-XIII Ausstellung Malerei <\/p>\n<p> 19:00 h. Ehrungen <\/p>\n<p>-Kollegen Rentner im Jahr 2012. <br \/>-50 Jahre Lizenzierung Partner. <br \/>-Professionelle h\u00f6here Alter der Provinz Alicante. <\/p>\n<p> 20:00 h. Wein der Ehre. <br \/>Ort: Hochschule der Krankenpflege von Alicante &#8211; Hall <\/p>\n<p><\/font><\/p>\n","protected":false},"excerpt":{"rendered":"<p>The College der Krankenpflege von Alicante hat seine feiern von San Juan de Dios, Krankenpflege Muster Programmierung er\u00f6ffnet. Spanien, M\u00e4rz 2013.- El-College der Krankenpflege von Alicante und der provinziellen Vereinigung der Rentner Absolventen der Krankenpflege von Alicante vorbereitet haben ein Programm der Aktivit\u00e4ten zum Gedenken an das Fest des San Juan de Dios, Krankenpflege Muster. [&hellip;]<\/p>\n","protected":false},"author":1,"featured_media":0,"comment_status":"close","ping_status":"open","sticky":false,"template":"","format":"standard","meta":{"footnotes":""},"categories":[3],"tags":[45761],"class_list":["post-35783","post","type-post","status-publish","format-standard","hentry","category-allgemeine","tag-ernhren","et-doesnt-have-format-content","et_post_format-et-post-format-standard"],"_links":{"self":[{"href":"https:\/\/www.best-dentist-dentistry.com\/de\/wp-json\/wp\/v2\/posts\/35783","targetHints":{"allow":["GET"]}}],"collection":[{"href":"https:\/\/www.best-dentist-dentistry.com\/de\/wp-json\/wp\/v2\/posts"}],"about":[{"href":"https:\/\/www.best-dentist-dentistry.com\/de\/wp-json\/wp\/v2\/types\/post"}],"author":[{"embeddable":true,"href":"https:\/\/www.best-dentist-dentistry.com\/de\/wp-json\/wp\/v2\/users\/1"}],"replies":[{"embeddable":true,"href":"https:\/\/www.best-dentist-dentistry.com\/de\/wp-json\/wp\/v2\/comments?post=35783"}],"version-history":[{"count":0,"href":"https:\/\/www.best-dentist-dentistry.com\/de\/wp-json\/wp\/v2\/posts\/35783\/revisions"}],"wp:attachment":[{"href":"https:\/\/www.best-dentist-dentistry.com\/de\/wp-json\/wp\/v2\/media?parent=35783"}],"wp:term":[{"taxonomy":"category","embeddable":true,"href":"https:\/\/www.best-dentist-dentistry.com\/de\/wp-json\/wp\/v2\/categories?post=35783"},{"taxonomy":"post_tag","embeddable":true,"href":"https:\/\/www.best-dentist-dentistry.com\/de\/wp-json\/wp\/v2\/tags?post=35783"}],"curies":[{"name":"wp","href":"https:\/\/api.w.org\/{rel}","templated":true}]}}